{"id":81045,"date":"2023-05-30T14:54:24","date_gmt":"2023-05-30T12:54:24","guid":{"rendered":"https:\/\/packaging-journal.de\/?p=81045"},"modified":"2023-05-30T15:42:37","modified_gmt":"2023-05-30T13:42:37","slug":"sidel-supports-conversion-of-pet-systems","status":"publish","type":"post","link":"https:\/\/packaging-journal.de\/en\/sidel-unterstuetzt-umstellung-pet-anlagen\/","title":{"rendered":"Sidel supports the conversion of PET plants"},"content":{"rendered":"<div data-elementor-type=\"wp-post\" data-elementor-id=\"81045\" class=\"elementor elementor-81045\" data-elementor-post-type=\"post\">\n\t\t\t\t\t\t<section data-exad-particle-enable=\"false\" class=\"elementor-section elementor-top-section elementor-element elementor-element-31a99af elementor-section-boxed elementor-section-height-default elementor-section-height-default exad-parallax-effect-no exad-background-color-change-no exad-glass-effect-no exad-sticky-section-no\" data-id=\"31a99af\" data-element_type=\"section\" data-e-type=\"section\">\n\t\t\t\t\t\t<div class=\"elementor-container elementor-column-gap-default\">\n\t\t\t\t\t<div class=\"elementor-column elementor-col-100 elementor-top-column elementor-element elementor-element-eac740e exad-glass-effect-no exad-sticky-section-no\" data-id=\"eac740e\" data-element_type=\"column\" data-e-type=\"column\">\n\t\t\t<div class=\"elementor-widget-wrap elementor-element-populated\">\n\t\t\t\t\t\t<div class=\"elementor-element elementor-element-aead14a exad-sticky-section-no exad-glass-effect-no elementor-widget elementor-widget-text-editor\" data-id=\"aead14a\" data-element_type=\"widget\" data-e-type=\"widget\" data-widget_type=\"text-editor.default\">\n\t\t\t\t<div class=\"elementor-widget-container\">\n\t\t\t\t\t\t\t\t\t<p><strong>PepsiCo bottler MenaBev wanted to achieve faster transitions between bottle designs and formats on its PET lines. Sidel assisted with the line changeover - now they can switch between seven bottle formats and achieve improved line efficiency.<\/strong><\/p>\t\t\t\t\t\t\t\t<\/div>\n\t\t\t\t<\/div>\n\t\t\t\t<div class=\"elementor-element elementor-element-4fb3164 exad-sticky-section-no exad-glass-effect-no elementor-widget elementor-widget-text-editor\" data-id=\"4fb3164\" data-element_type=\"widget\" data-e-type=\"widget\" data-widget_type=\"text-editor.default\">\n\t\t\t\t<div class=\"elementor-widget-container\">\n\t\t\t\t\t\t\t\t\t<p>MenaBev, based in Jeddah, is the leading bottler in the Middle East and North Africa (\"MENA\"). The company's MEGA Plant is one of the world's largest bottling plants for <a href=\"https:\/\/packaging-journal.de\/?s=pepsico\">PepsiCo<\/a> on 300,000 square metres. This <strong>Facility meets the production needs of millions of consumers in the region<\/strong>. The plant is supported by a local distribution centre.<\/p><p><a href=\"https:\/\/packaging-journal.de\/?s=sidel\">Sidel<\/a> supported MenaBev in actually meeting its deadlines for the product launch on the market. Both projects entailed a wide range of work to ensure that one of the <strong>three Aquafina formats with a new look, while the other has four new Carolina formats<\/strong> was able to take over.<\/p><div class=\"packa-in-post-alle\" style=\"text-align: center;\" id=\"packa-3223407984\"><div id=\"packa-2247662807\"><a data-no-instant=\"1\" href=\"https:\/\/packaging-journal.de\/en\/newsletter\/\" rel=\"noopener\" class=\"a2t-link\" target=\"_blank\" aria-label=\"PJ Self-promotion English 03\"><!--noptimize--><img src=\"https:\/\/packaging-journal.de\/wp-content\/uploads\/2026\/01\/PJ-Eigenwerbung-English-03.png\" alt=\"\"  srcset=\"https:\/\/packaging-journal.de\/wp-content\/uploads\/2026\/01\/PJ-Eigenwerbung-English-03.png 840w, https:\/\/packaging-journal.de\/wp-content\/uploads\/2026\/01\/PJ-Eigenwerbung-English-03-300x75.png 300w, https:\/\/packaging-journal.de\/wp-content\/uploads\/2026\/01\/PJ-Eigenwerbung-English-03-768x192.png 768w, https:\/\/packaging-journal.de\/wp-content\/uploads\/2026\/01\/PJ-Eigenwerbung-English-03-18x5.png 18w, https:\/\/packaging-journal.de\/wp-content\/uploads\/2026\/01\/PJ-Eigenwerbung-English-03-332x83.png 332w, https:\/\/packaging-journal.de\/wp-content\/uploads\/2026\/01\/PJ-Eigenwerbung-English-03-664x166.png 664w, https:\/\/packaging-journal.de\/wp-content\/uploads\/2026\/01\/PJ-Eigenwerbung-English-03-688x172.png 688w\" sizes=\"(max-width: 840px) 100vw, 840px\" width=\"840\" height=\"210\"  style=\" max-width: 100%; height: auto;\" \/><!--\/noptimize--><\/a><\/div><\/div>\t\t\t\t\t\t\t\t<\/div>\n\t\t\t\t<\/div>\n\t\t\t\t<div class=\"elementor-element elementor-element-93bc8c1 exad-sticky-section-no exad-glass-effect-no elementor-widget elementor-widget-image\" data-id=\"93bc8c1\" data-element_type=\"widget\" data-e-type=\"widget\" data-widget_type=\"image.default\">\n\t\t\t\t<div class=\"elementor-widget-container\">\n\t\t\t\t\t\t\t\t\t\t\t\t<figure class=\"wp-caption\">\n\t\t\t\t\t\t\t\t\t\t<img fetchpriority=\"high\" decoding=\"async\" width=\"1024\" height=\"555\" src=\"https:\/\/packaging-journal.de\/wp-content\/uploads\/2023\/05\/Sidel-pepsico-abfuelllinie-1024x555.jpg\" class=\"attachment-large size-large wp-image-81047\" alt=\"With the support of Sidel, the PET systems can now process different formats and designs.\" srcset=\"https:\/\/packaging-journal.de\/wp-content\/uploads\/2023\/05\/Sidel-pepsico-abfuelllinie-1024x555.jpg 1024w, https:\/\/packaging-journal.de\/wp-content\/uploads\/2023\/05\/Sidel-pepsico-abfuelllinie-300x163.jpg 300w, https:\/\/packaging-journal.de\/wp-content\/uploads\/2023\/05\/Sidel-pepsico-abfuelllinie-768x416.jpg 768w, https:\/\/packaging-journal.de\/wp-content\/uploads\/2023\/05\/Sidel-pepsico-abfuelllinie.jpg 1200w\" sizes=\"(max-width: 1024px) 100vw, 1024px\" \/>\t\t\t\t\t\t\t\t\t\t\t<figcaption class=\"widget-image-caption wp-caption-text\">(Image: Sidel) <\/figcaption>\n\t\t\t\t\t\t\t\t\t\t<\/figure>\n\t\t\t\t\t\t\t\t\t<\/div>\n\t\t\t\t<\/div>\n\t\t\t\t<div class=\"elementor-element elementor-element-473641e exad-sticky-section-no exad-glass-effect-no elementor-widget elementor-widget-text-editor\" data-id=\"473641e\" data-element_type=\"widget\" data-e-type=\"widget\" data-widget_type=\"text-editor.default\">\n\t\t\t\t<div class=\"elementor-widget-container\">\n\t\t\t\t\t\t\t\t\t<p>In response to the increased sugar taxes in the Saudi Arabian market, MenaBev is also using Sidel's expertise to introduce new formats of the Carolina bottle. The two PET Combi lines were each successfully customised in one week. In addition, Sidel's technicians were able to maximise production output. Now the <strong>Aquafina system up to 60,000 bottles per hour<\/strong> compared to the previous 54,000 bph. At the same time, the Carolina plant was able to maintain its optimised speed of 48,000 bph.<\/p><p>As part of the design process for Aquafina, Sidel focussed on supporting MenaBev's sustainability goals. This included delivering a lightweight, high performance bottle for the iconic brand. The technical development of the new design included a complete <strong>Feasibility study, laboratory tests and performance tests of the stretch blow moulding process<\/strong>. This approach was applied to the 330 ml, 500 ml and 1.5 litre Aquafina bottles to ensure high performance. The new Aquafina design resulted in a lower weight for the 330 ml bottle. Thanks to a <strong>Reduction of raw material by 10 per cent<\/strong> optimises the industrial performance of the bottle and creates a positive consumer experience.<\/p><div id=\"packa-1001889908\" class=\"packa-inhalt\"><!--noptimize--><script async src=\"https:\/\/pagead2.googlesyndication.com\/pagead\/js\/adsbygoogle.js?client=ca-pub-2686439340972671\" crossorigin=\"anonymous\"><\/script>\r\n<ins class=\"adsbygoogle\" style=\"display:block;text-align:center\" data-ad-layout=\"in-article\" data-ad-format=\"fluid\" data-ad-client=\"ca-pub-2686439340972671\" data-ad-slot=\"6171251825\"><\/ins>\r\n<script>\r\n     (adsbygoogle = window.adsbygoogle || []).push({});\r\n<\/script><!--\/noptimize--><\/div><blockquote><p>\"Our ability to customise and convert existing Sidel lines enables customers like MenaBev to respond quickly to global changes and market demands. The design of the Aquafina bottle has always been iconic. Sidel is proud to have used its packaging design expertise to support the technical intricacies of creating a new bottle for this recognised brand. The bottle has not only maintained high performance, but also delivers the same positive consumer experience and contributes to MenaBev's commitment to sustainability.\"<\/p><p><strong>Karim Abdel Wahed<\/strong>Service Manager at Sidel\u00a0<\/p><\/blockquote><p><em>Source:<\/em> <a href=\"https:\/\/www.sidel.com\/de\" target=\"_blank\" rel=\"noopener\">Sidel<\/a><\/p>\t\t\t\t\t\t\t\t<\/div>\n\t\t\t\t<\/div>\n\t\t\t\t\t<\/div>\n\t\t<\/div>\n\t\t\t\t\t<\/div>\n\t\t<\/section>\n\t\t\t\t<section data-exad-particle-enable=\"false\" class=\"elementor-section elementor-top-section elementor-element elementor-element-6528f803 elementor-section-boxed elementor-section-height-default elementor-section-height-default exad-parallax-effect-no exad-background-color-change-no exad-glass-effect-no exad-sticky-section-no\" data-id=\"6528f803\" data-element_type=\"section\" data-e-type=\"section\" data-settings=\"{&quot;background_background&quot;:&quot;classic&quot;}\">\n\t\t\t\t\t\t<div class=\"elementor-container elementor-column-gap-default\">\n\t\t\t\t\t<div class=\"elementor-column elementor-col-100 elementor-top-column elementor-element elementor-element-6990dbdf exad-glass-effect-no exad-sticky-section-no\" data-id=\"6990dbdf\" data-element_type=\"column\" data-e-type=\"column\">\n\t\t\t<div class=\"elementor-widget-wrap elementor-element-populated\">\n\t\t\t\t\t\t<div class=\"elementor-element elementor-element-767bbb4c exad-sticky-section-no exad-glass-effect-no elementor-widget elementor-widget-heading\" data-id=\"767bbb4c\" data-element_type=\"widget\" data-e-type=\"widget\" data-widget_type=\"heading.default\">\n\t\t\t\t<div class=\"elementor-widget-container\">\n\t\t\t\t\t<h2 class=\"elementor-heading-title elementor-size-default\">More news about filling technology<\/h2>\t\t\t\t<\/div>\n\t\t\t\t<\/div>\n\t\t\t\t<div class=\"elementor-element elementor-element-13e00508 elementor-grid-3 elementor-grid-tablet-2 elementor-grid-mobile-1 elementor-posts--thumbnail-top elementor-posts__hover-gradient exad-sticky-section-no exad-glass-effect-no elementor-widget elementor-widget-posts\" data-id=\"13e00508\" data-element_type=\"widget\" data-e-type=\"widget\" data-settings=\"{&quot;cards_row_gap&quot;:{&quot;unit&quot;:&quot;px&quot;,&quot;size&quot;:38,&quot;sizes&quot;:[]},&quot;cards_columns&quot;:&quot;3&quot;,&quot;cards_columns_tablet&quot;:&quot;2&quot;,&quot;cards_columns_mobile&quot;:&quot;1&quot;,&quot;cards_row_gap_tablet&quot;:{&quot;unit&quot;:&quot;px&quot;,&quot;size&quot;:&quot;&quot;,&quot;sizes&quot;:[]},&quot;cards_row_gap_mobile&quot;:{&quot;unit&quot;:&quot;px&quot;,&quot;size&quot;:&quot;&quot;,&quot;sizes&quot;:[]}}\" data-widget_type=\"posts.cards\">\n\t\t\t\t<div class=\"elementor-widget-container\">\n\t\t\t\t\t\t\t<div class=\"elementor-posts-container elementor-posts elementor-posts--skin-cards elementor-grid\" role=\"list\">\n\t\t\t\t<article class=\"elementor-post elementor-grid-item post-115462 post type-post status-publish format-standard has-post-thumbnail category-verpackungstechnik tag-abfuelltechnik tag-interpack tag-pharma-kosmetik-chemie tag-steriline cs-entry cs-video-wrap\" role=\"listitem\">\n\t\t\t<div class=\"elementor-post__card\">\n\t\t\t\t<a class=\"elementor-post__thumbnail__link\" href=\"https:\/\/packaging-journal.de\/en\/kuenstliche-intelligenz-in-der-sterilen-abfuellung\/\" tabindex=\"-1\"><div class=\"elementor-post__thumbnail\"><img decoding=\"async\" width=\"300\" height=\"163\" src=\"https:\/\/packaging-journal.de\/wp-content\/uploads\/2026\/04\/Steriline-interpack-300x163.jpg\" class=\"attachment-medium size-medium wp-image-115465\" alt=\"\" srcset=\"https:\/\/packaging-journal.de\/wp-content\/uploads\/2026\/04\/Steriline-interpack-300x163.jpg 300w, https:\/\/packaging-journal.de\/wp-content\/uploads\/2026\/04\/Steriline-interpack-1024x555.jpg 1024w, https:\/\/packaging-journal.de\/wp-content\/uploads\/2026\/04\/Steriline-interpack-768x416.jpg 768w, https:\/\/packaging-journal.de\/wp-content\/uploads\/2026\/04\/Steriline-interpack-18x10.jpg 18w, https:\/\/packaging-journal.de\/wp-content\/uploads\/2026\/04\/Steriline-interpack-332x180.jpg 332w, https:\/\/packaging-journal.de\/wp-content\/uploads\/2026\/04\/Steriline-interpack-664x360.jpg 664w, https:\/\/packaging-journal.de\/wp-content\/uploads\/2026\/04\/Steriline-interpack-688x373.jpg 688w, https:\/\/packaging-journal.de\/wp-content\/uploads\/2026\/04\/Steriline-interpack-1044x566.jpg 1044w, https:\/\/packaging-journal.de\/wp-content\/uploads\/2026\/04\/Steriline-interpack.jpg 1200w\" sizes=\"(max-width: 300px) 100vw, 300px\" \/><\/div><\/a>\n\t\t\t\t<div class=\"elementor-post__text\">\n\t\t\t\t<h3 class=\"elementor-post__title\">\n\t\t\t<a href=\"https:\/\/packaging-journal.de\/en\/kuenstliche-intelligenz-in-der-sterilen-abfuellung\/\">\n\t\t\t\tArtificial intelligence in sterile filling\t\t\t<\/a>\n\t\t<\/h3>\n\t\t\t\t<div class=\"elementor-post__excerpt\">\n\t\t\tSteriline demonstrates at interpack 2026 how AI is revolutionising the sterile filling of pharmaceuticals.\t\t<\/div>\n\t\t\n\t\t<a class=\"elementor-post__read-more\" href=\"https:\/\/packaging-journal.de\/en\/kuenstliche-intelligenz-in-der-sterilen-abfuellung\/\" aria-label=\"Read more about Artificial Intelligence in sterile filling\" tabindex=\"-1\">\n\t\t\tRead more \"\t\t<\/a>\n\n\t\t\t\t<\/div>\n\t\t\t\t\t<\/div>\n\t\t<\/article>\n\t\t\t\t<article class=\"elementor-post elementor-grid-item post-115076 post type-post status-publish format-standard has-post-thumbnail category-verpackungstechnik tag-abfuelltechnik tag-heuft tag-interpack tag-lebensmittel tag-verpackungstechnik cs-entry cs-video-wrap\" role=\"listitem\">\n\t\t\t<div class=\"elementor-post__card\">\n\t\t\t\t<a class=\"elementor-post__thumbnail__link\" href=\"https:\/\/packaging-journal.de\/en\/deep-learning-fuer-mehr-sicherheit-in-der-verpackungsindustrie\/\" tabindex=\"-1\"><div class=\"elementor-post__thumbnail\"><img decoding=\"async\" width=\"300\" height=\"163\" src=\"https:\/\/packaging-journal.de\/wp-content\/uploads\/2026\/04\/Heuft-interpack-300x163.jpg\" class=\"attachment-medium size-medium wp-image-115078\" alt=\"\" srcset=\"https:\/\/packaging-journal.de\/wp-content\/uploads\/2026\/04\/Heuft-interpack-300x163.jpg 300w, https:\/\/packaging-journal.de\/wp-content\/uploads\/2026\/04\/Heuft-interpack-1024x555.jpg 1024w, https:\/\/packaging-journal.de\/wp-content\/uploads\/2026\/04\/Heuft-interpack-768x416.jpg 768w, https:\/\/packaging-journal.de\/wp-content\/uploads\/2026\/04\/Heuft-interpack-18x10.jpg 18w, https:\/\/packaging-journal.de\/wp-content\/uploads\/2026\/04\/Heuft-interpack-332x180.jpg 332w, https:\/\/packaging-journal.de\/wp-content\/uploads\/2026\/04\/Heuft-interpack-664x360.jpg 664w, https:\/\/packaging-journal.de\/wp-content\/uploads\/2026\/04\/Heuft-interpack-688x373.jpg 688w, https:\/\/packaging-journal.de\/wp-content\/uploads\/2026\/04\/Heuft-interpack-1044x566.jpg 1044w, https:\/\/packaging-journal.de\/wp-content\/uploads\/2026\/04\/Heuft-interpack.jpg 1200w\" sizes=\"(max-width: 300px) 100vw, 300px\" \/><\/div><\/a>\n\t\t\t\t<div class=\"elementor-post__text\">\n\t\t\t\t<h3 class=\"elementor-post__title\">\n\t\t\t<a href=\"https:\/\/packaging-journal.de\/en\/deep-learning-fuer-mehr-sicherheit-in-der-verpackungsindustrie\/\">\n\t\t\t\tDeep learning for enhanced safety in the packaging industry\t\t\t<\/a>\n\t\t<\/h3>\n\t\t\t\t<div class=\"elementor-post__excerpt\">\n\t\t\tHeuft is presenting innovative technologies for fault detection at interpack 2026.\t\t<\/div>\n\t\t\n\t\t<a class=\"elementor-post__read-more\" href=\"https:\/\/packaging-journal.de\/en\/deep-learning-fuer-mehr-sicherheit-in-der-verpackungsindustrie\/\" aria-label=\"Read more about Deep Learning for increased safety in the packaging industry\" tabindex=\"-1\">\n\t\t\tRead more \"\t\t<\/a>\n\n\t\t\t\t<\/div>\n\t\t\t\t\t<\/div>\n\t\t<\/article>\n\t\t\t\t<article class=\"elementor-post elementor-grid-item post-114930 post type-post status-publish format-standard has-post-thumbnail category-aus-den-unternehmen-news tag-abfuelltechnik tag-pharma-kosmetik-chemie tag-syntegon-technology tag-verpackungstechnik cs-entry cs-video-wrap\" role=\"listitem\">\n\t\t\t<div class=\"elementor-post__card\">\n\t\t\t\t<a class=\"elementor-post__thumbnail__link\" href=\"https:\/\/packaging-journal.de\/en\/syntegon-verzeichnet-rekordjahr-dank-pharmabereich\/\" tabindex=\"-1\"><div class=\"elementor-post__thumbnail\"><img loading=\"lazy\" decoding=\"async\" width=\"300\" height=\"163\" src=\"https:\/\/packaging-journal.de\/wp-content\/uploads\/2026\/04\/Syntegon-2025-300x163.jpg\" class=\"attachment-medium size-medium wp-image-114933\" alt=\"\" srcset=\"https:\/\/packaging-journal.de\/wp-content\/uploads\/2026\/04\/Syntegon-2025-300x163.jpg 300w, https:\/\/packaging-journal.de\/wp-content\/uploads\/2026\/04\/Syntegon-2025-1024x555.jpg 1024w, https:\/\/packaging-journal.de\/wp-content\/uploads\/2026\/04\/Syntegon-2025-768x416.jpg 768w, https:\/\/packaging-journal.de\/wp-content\/uploads\/2026\/04\/Syntegon-2025-18x10.jpg 18w, https:\/\/packaging-journal.de\/wp-content\/uploads\/2026\/04\/Syntegon-2025-332x180.jpg 332w, https:\/\/packaging-journal.de\/wp-content\/uploads\/2026\/04\/Syntegon-2025-664x360.jpg 664w, https:\/\/packaging-journal.de\/wp-content\/uploads\/2026\/04\/Syntegon-2025-688x373.jpg 688w, https:\/\/packaging-journal.de\/wp-content\/uploads\/2026\/04\/Syntegon-2025-1044x566.jpg 1044w, https:\/\/packaging-journal.de\/wp-content\/uploads\/2026\/04\/Syntegon-2025.jpg 1200w\" sizes=\"(max-width: 300px) 100vw, 300px\" \/><\/div><\/a>\n\t\t\t\t<div class=\"elementor-post__text\">\n\t\t\t\t<h3 class=\"elementor-post__title\">\n\t\t\t<a href=\"https:\/\/packaging-journal.de\/en\/syntegon-verzeichnet-rekordjahr-dank-pharmabereich\/\">\n\t\t\t\tSyntegon records a record year thanks to the pharmaceutical sector\t\t\t<\/a>\n\t\t<\/h3>\n\t\t\t\t<div class=\"elementor-post__excerpt\">\n\t\t\tThe company benefits from structurally growing markets.\t\t<\/div>\n\t\t\n\t\t<a class=\"elementor-post__read-more\" href=\"https:\/\/packaging-journal.de\/en\/syntegon-verzeichnet-rekordjahr-dank-pharmabereich\/\" aria-label=\"Syntegon records record year thanks to pharmaceutical sector\" tabindex=\"-1\">\n\t\t\tRead more \"\t\t<\/a>\n\n\t\t\t\t<\/div>\n\t\t\t\t\t<\/div>\n\t\t<\/article>\n\t\t\t\t<article class=\"elementor-post elementor-grid-item post-114867 post type-post status-publish format-standard has-post-thumbnail category-verpackungstechnik tag-abfuelltechnik tag-getraenke tag-sidel tag-verpackungsmaschinen cs-entry cs-video-wrap\" role=\"listitem\">\n\t\t\t<div class=\"elementor-post__card\">\n\t\t\t\t<a class=\"elementor-post__thumbnail__link\" href=\"https:\/\/packaging-journal.de\/en\/sidel-launcht-neuen-abfueller-fuer-pet-flaschen\/\" tabindex=\"-1\"><div class=\"elementor-post__thumbnail\"><img loading=\"lazy\" decoding=\"async\" width=\"300\" height=\"163\" src=\"https:\/\/packaging-journal.de\/wp-content\/uploads\/2026\/04\/sidel-evofill-neu-300x163.jpg\" class=\"attachment-medium size-medium wp-image-114868\" alt=\"\" srcset=\"https:\/\/packaging-journal.de\/wp-content\/uploads\/2026\/04\/sidel-evofill-neu-300x163.jpg 300w, https:\/\/packaging-journal.de\/wp-content\/uploads\/2026\/04\/sidel-evofill-neu-1024x555.jpg 1024w, https:\/\/packaging-journal.de\/wp-content\/uploads\/2026\/04\/sidel-evofill-neu-768x416.jpg 768w, https:\/\/packaging-journal.de\/wp-content\/uploads\/2026\/04\/sidel-evofill-neu-18x10.jpg 18w, https:\/\/packaging-journal.de\/wp-content\/uploads\/2026\/04\/sidel-evofill-neu-332x180.jpg 332w, https:\/\/packaging-journal.de\/wp-content\/uploads\/2026\/04\/sidel-evofill-neu-664x360.jpg 664w, https:\/\/packaging-journal.de\/wp-content\/uploads\/2026\/04\/sidel-evofill-neu-688x373.jpg 688w, https:\/\/packaging-journal.de\/wp-content\/uploads\/2026\/04\/sidel-evofill-neu-1044x566.jpg 1044w, https:\/\/packaging-journal.de\/wp-content\/uploads\/2026\/04\/sidel-evofill-neu.jpg 1200w\" sizes=\"(max-width: 300px) 100vw, 300px\" \/><\/div><\/a>\n\t\t\t\t<div class=\"elementor-post__text\">\n\t\t\t\t<h3 class=\"elementor-post__title\">\n\t\t\t<a href=\"https:\/\/packaging-journal.de\/en\/sidel-launcht-neuen-abfueller-fuer-pet-flaschen\/\">\n\t\t\t\tSidel launches new filler for PET bottles\t\t\t<\/a>\n\t\t<\/h3>\n\t\t\t\t<div class=\"elementor-post__excerpt\">\n\t\t\tSidel has developed its fastest filler for PET bottles with EvoFill PET. The system promises higher efficiency and improved hygiene when filling still beverages.\t\t<\/div>\n\t\t\n\t\t<a class=\"elementor-post__read-more\" href=\"https:\/\/packaging-journal.de\/en\/sidel-launcht-neuen-abfueller-fuer-pet-flaschen\/\" aria-label=\"Sidel launches new PET bottle filler\" tabindex=\"-1\">\n\t\t\tRead more \"\t\t<\/a>\n\n\t\t\t\t<\/div>\n\t\t\t\t\t<\/div>\n\t\t<\/article>\n\t\t\t\t<article class=\"elementor-post elementor-grid-item post-114689 post type-post status-publish format-standard has-post-thumbnail category-verpackungstechnik tag-abfuelltechnik tag-groninger tag-interpack tag-pharma-kosmetik-chemie cs-entry cs-video-wrap\" role=\"listitem\">\n\t\t\t<div class=\"elementor-post__card\">\n\t\t\t\t<a class=\"elementor-post__thumbnail__link\" href=\"https:\/\/packaging-journal.de\/en\/flexible-abfuellloesungen-fuer-dynamische-maerkte\/\" tabindex=\"-1\"><div class=\"elementor-post__thumbnail\"><img loading=\"lazy\" decoding=\"async\" width=\"300\" height=\"163\" src=\"https:\/\/packaging-journal.de\/wp-content\/uploads\/2026\/04\/Groninger-interpack-2026-300x163.jpg\" class=\"attachment-medium size-medium wp-image-114692\" alt=\"\" srcset=\"https:\/\/packaging-journal.de\/wp-content\/uploads\/2026\/04\/Groninger-interpack-2026-300x163.jpg 300w, https:\/\/packaging-journal.de\/wp-content\/uploads\/2026\/04\/Groninger-interpack-2026-1024x555.jpg 1024w, https:\/\/packaging-journal.de\/wp-content\/uploads\/2026\/04\/Groninger-interpack-2026-768x416.jpg 768w, https:\/\/packaging-journal.de\/wp-content\/uploads\/2026\/04\/Groninger-interpack-2026-18x10.jpg 18w, https:\/\/packaging-journal.de\/wp-content\/uploads\/2026\/04\/Groninger-interpack-2026-332x180.jpg 332w, https:\/\/packaging-journal.de\/wp-content\/uploads\/2026\/04\/Groninger-interpack-2026-664x360.jpg 664w, https:\/\/packaging-journal.de\/wp-content\/uploads\/2026\/04\/Groninger-interpack-2026-688x373.jpg 688w, https:\/\/packaging-journal.de\/wp-content\/uploads\/2026\/04\/Groninger-interpack-2026-1044x566.jpg 1044w, https:\/\/packaging-journal.de\/wp-content\/uploads\/2026\/04\/Groninger-interpack-2026.jpg 1200w\" sizes=\"(max-width: 300px) 100vw, 300px\" \/><\/div><\/a>\n\t\t\t\t<div class=\"elementor-post__text\">\n\t\t\t\t<h3 class=\"elementor-post__title\">\n\t\t\t<a href=\"https:\/\/packaging-journal.de\/en\/flexible-abfuellloesungen-fuer-dynamische-maerkte\/\">\n\t\t\t\tFlexible Filling Solutions for Dynamic Markets\t\t\t<\/a>\n\t\t<\/h3>\n\t\t\t\t<div class=\"elementor-post__excerpt\">\n\t\t\tGroninger will present modular systems at interpack 2026 that adapt to changing product requirements.\t\t<\/div>\n\t\t\n\t\t<a class=\"elementor-post__read-more\" href=\"https:\/\/packaging-journal.de\/en\/flexible-abfuellloesungen-fuer-dynamische-maerkte\/\" aria-label=\"Read more about flexible filling solutions for dynamic markets\" tabindex=\"-1\">\n\t\t\tRead more \"\t\t<\/a>\n\n\t\t\t\t<\/div>\n\t\t\t\t\t<\/div>\n\t\t<\/article>\n\t\t\t\t<article class=\"elementor-post elementor-grid-item post-114654 post type-post status-publish format-standard has-post-thumbnail category-aus-den-unternehmen-news tag-abfuelltechnik tag-automatisieren-und-robotik tag-pharma-kosmetik-chemie tag-rotzinger-pharmapack cs-entry cs-video-wrap\" role=\"listitem\">\n\t\t\t<div class=\"elementor-post__card\">\n\t\t\t\t<a class=\"elementor-post__thumbnail__link\" href=\"https:\/\/packaging-journal.de\/en\/mech-i-tronic-integriert-rotzinger-pharmapack\/\" tabindex=\"-1\"><div class=\"elementor-post__thumbnail\"><img loading=\"lazy\" decoding=\"async\" width=\"300\" height=\"163\" src=\"https:\/\/packaging-journal.de\/wp-content\/uploads\/2026\/04\/Rotzinger-Pharma-300x163.jpg\" class=\"attachment-medium size-medium wp-image-114656\" alt=\"\" srcset=\"https:\/\/packaging-journal.de\/wp-content\/uploads\/2026\/04\/Rotzinger-Pharma-300x163.jpg 300w, https:\/\/packaging-journal.de\/wp-content\/uploads\/2026\/04\/Rotzinger-Pharma-1024x555.jpg 1024w, https:\/\/packaging-journal.de\/wp-content\/uploads\/2026\/04\/Rotzinger-Pharma-768x416.jpg 768w, https:\/\/packaging-journal.de\/wp-content\/uploads\/2026\/04\/Rotzinger-Pharma-18x10.jpg 18w, https:\/\/packaging-journal.de\/wp-content\/uploads\/2026\/04\/Rotzinger-Pharma-332x180.jpg 332w, https:\/\/packaging-journal.de\/wp-content\/uploads\/2026\/04\/Rotzinger-Pharma-664x360.jpg 664w, https:\/\/packaging-journal.de\/wp-content\/uploads\/2026\/04\/Rotzinger-Pharma-688x373.jpg 688w, https:\/\/packaging-journal.de\/wp-content\/uploads\/2026\/04\/Rotzinger-Pharma-1044x566.jpg 1044w, https:\/\/packaging-journal.de\/wp-content\/uploads\/2026\/04\/Rotzinger-Pharma.jpg 1200w\" sizes=\"(max-width: 300px) 100vw, 300px\" \/><\/div><\/a>\n\t\t\t\t<div class=\"elementor-post__text\">\n\t\t\t\t<h3 class=\"elementor-post__title\">\n\t\t\t<a href=\"https:\/\/packaging-journal.de\/en\/mech-i-tronic-integriert-rotzinger-pharmapack\/\">\n\t\t\t\tMech-i-tronic integrates Rotzinger Pharmapack\t\t\t<\/a>\n\t\t<\/h3>\n\t\t\t\t<div class=\"elementor-post__excerpt\">\n\t\t\tThe aim of the transaction is to expand the market position within the pharmaceutical sector.\t\t<\/div>\n\t\t\n\t\t<a class=\"elementor-post__read-more\" href=\"https:\/\/packaging-journal.de\/en\/mech-i-tronic-integriert-rotzinger-pharmapack\/\" aria-label=\"Read more about Mech-i-tronic integrates Rotzinger Pharmapack\" tabindex=\"-1\">\n\t\t\tRead more \"\t\t<\/a>\n\n\t\t\t\t<\/div>\n\t\t\t\t\t<\/div>\n\t\t<\/article>\n\t\t\t\t<\/div>\n\t\t\n\t\t\t\t\t\t<\/div>\n\t\t\t\t<\/div>\n\t\t\t\t\t<\/div>\n\t\t<\/div>\n\t\t\t\t\t<\/div>\n\t\t<\/section>\n\t\t\t\t<\/div>","protected":false},"excerpt":{"rendered":"Sidel helped PepsiCo bottler MenaBev convert its PET lines for faster transitions between formats and designs.","protected":false},"author":1,"featured_media":81048,"comment_status":"closed","ping_status":"closed","sticky":false,"template":"","format":"standard","meta":{"_acf_changed":false,"__cvm_playback_settings":[],"__cvm_video_id":"","rank_math_description":"Sidel unterst\u00fctzte PepsiCo-Abf\u00fcller MenaBev Umstellung seiner PET-Anlagen f\u00fcr schnellere \u00dcberg\u00e4nge zwischen Formaten und Designs.","rank_math_focus_keyword":"sidel,PET-anlage,umstellung","rank_math_title":"","csco_display_header_overlay":false,"csco_singular_sidebar":"","csco_page_header_type":"","csco_page_load_nextpost":"","csco_post_video_location":[],"csco_post_video_location_hash":"","csco_post_video_url":"","csco_post_video_bg_start_time":0,"csco_post_video_bg_end_time":0,"footnotes":"","_links_to":"","_links_to_target":""},"categories":[21],"tags":[53,48,54,58817,58961,70,39],"class_list":{"0":"post-81045","1":"post","2":"type-post","3":"status-publish","4":"format-standard","5":"has-post-thumbnail","7":"category-verpackungstechnik","8":"tag-abfuelltechnik","9":"tag-getraenke","10":"tag-kunststoff-und-verbunde","11":"tag-pepsico","12":"tag-sidel","13":"tag-verpackungsmaschinen","14":"tag-verpackungstechnik","15":"cs-entry","16":"cs-video-wrap"},"acf":[],"vimeo_video":null,"_links":{"self":[{"href":"https:\/\/packaging-journal.de\/en\/wp-json\/wp\/v2\/posts\/81045","targetHints":{"allow":["GET"]}}],"collection":[{"href":"https:\/\/packaging-journal.de\/en\/wp-json\/wp\/v2\/posts"}],"about":[{"href":"https:\/\/packaging-journal.de\/en\/wp-json\/wp\/v2\/types\/post"}],"author":[{"embeddable":true,"href":"https:\/\/packaging-journal.de\/en\/wp-json\/wp\/v2\/users\/1"}],"replies":[{"embeddable":true,"href":"https:\/\/packaging-journal.de\/en\/wp-json\/wp\/v2\/comments?post=81045"}],"version-history":[{"count":0,"href":"https:\/\/packaging-journal.de\/en\/wp-json\/wp\/v2\/posts\/81045\/revisions"}],"wp:featuredmedia":[{"embeddable":true,"href":"https:\/\/packaging-journal.de\/en\/wp-json\/wp\/v2\/media\/81048"}],"wp:attachment":[{"href":"https:\/\/packaging-journal.de\/en\/wp-json\/wp\/v2\/media?parent=81045"}],"wp:term":[{"taxonomy":"category","embeddable":true,"href":"https:\/\/packaging-journal.de\/en\/wp-json\/wp\/v2\/categories?post=81045"},{"taxonomy":"post_tag","embeddable":true,"href":"https:\/\/packaging-journal.de\/en\/wp-json\/wp\/v2\/tags?post=81045"}],"curies":[{"name":"wp","href":"https:\/\/api.w.org\/{rel}","templated":true}]}}