{"id":82022,"date":"2023-06-22T14:18:24","date_gmt":"2023-06-22T12:18:24","guid":{"rendered":"https:\/\/packaging-journal.de\/?p=82022"},"modified":"2023-06-22T11:24:10","modified_gmt":"2023-06-22T09:24:10","slug":"recycling-capacities-beverage-cartons-poland","status":"publish","type":"post","link":"https:\/\/packaging-journal.de\/en\/recyclingkapazitaeten-getraenkekartons-polen\/","title":{"rendered":"More recycling capacity for beverage cartons"},"content":{"rendered":"<div data-elementor-type=\"wp-post\" data-elementor-id=\"82022\" class=\"elementor elementor-82022\" data-elementor-post-type=\"post\">\n\t\t\t\t\t\t<section data-exad-particle-enable=\"false\" class=\"elementor-section elementor-top-section elementor-element elementor-element-ae3475b elementor-section-boxed elementor-section-height-default elementor-section-height-default exad-parallax-effect-no exad-background-color-change-no exad-glass-effect-no exad-sticky-section-no\" data-id=\"ae3475b\" data-element_type=\"section\" data-e-type=\"section\">\n\t\t\t\t\t\t<div class=\"elementor-container elementor-column-gap-default\">\n\t\t\t\t\t<div class=\"elementor-column elementor-col-100 elementor-top-column elementor-element elementor-element-345dae4 exad-glass-effect-no exad-sticky-section-no\" data-id=\"345dae4\" data-element_type=\"column\" data-e-type=\"column\">\n\t\t\t<div class=\"elementor-widget-wrap elementor-element-populated\">\n\t\t\t\t\t\t<div class=\"elementor-element elementor-element-2e38f05 exad-sticky-section-no exad-glass-effect-no elementor-widget elementor-widget-text-editor\" data-id=\"2e38f05\" data-element_type=\"widget\" data-e-type=\"widget\" data-widget_type=\"text-editor.default\">\n\t\t\t\t<div class=\"elementor-widget-container\">\n\t\t\t\t\t\t\t\t\t<p><strong>Recycling capacities for beverage cartons are to be increased in Poland. Stora Enso and Tetra Pak have invested in a new recycling plant for this purpose. The plant will triple capacity and process cartons not only from Poland but also from neighbouring countries.\u00a0<\/strong><\/p>\t\t\t\t\t\t\t\t<\/div>\n\t\t\t\t<\/div>\n\t\t\t\t<div class=\"elementor-element elementor-element-ad203f4 exad-sticky-section-no exad-glass-effect-no elementor-widget elementor-widget-text-editor\" data-id=\"ad203f4\" data-element_type=\"widget\" data-e-type=\"widget\" data-widget_type=\"text-editor.default\">\n\t\t\t\t<div class=\"elementor-widget-container\">\n\t\t\t\t\t\t\t\t\t<p>With a joint investment of around EUR 29 million from <a href=\"https:\/\/packaging-journal.de\/?s=stora+enso\">Stora Enso<\/a> and <a href=\"https:\/\/packaging-journal.de\/?s=tetra+pak&amp;cat=-1&amp;date-all=all&amp;begin=&amp;end=\">Tetra Pak<\/a> a new recycling plant for used beverage cartons goes into operation in Poland. Stora Enso has invested around EUR 17 million in a new <strong>Processing plant for the recovery of cardboard fibres<\/strong> and Tetra Pak, together with Plastigram, has invested a total of around EUR 12 million in the construction of the new plant. The plant has the potential to <strong>to triple annual recycling capacity for beverage cartons in Poland<\/strong> - from 25,000 to 75,000 tonnes - and offers the opportunity to include the entire volume of beverage cartons sold in Poland as well as additional volumes from neighbouring countries such as the Czech Republic, Hungary, Slovakia, Latvia, Estonia and Lithuania.<\/p><blockquote><p>\u201eWe are very pleased with the results of our close co-operation with Tetra Pak, which, like Stora Enso, is focused on developing sustainable solutions. This new state-of-the-art solution represents a significant expansion of European recycling capacity and is a concrete step towards a circular economy for consumer packaging. The recycling plant not only complements the current scale of our production facility in Poland, but will also make an important contribution to the recycling and waste reduction targets of the EU proposal for a regulation on packaging and packaging waste.\u201c<\/p><p><strong>Hannu Kasurinen<\/strong>, EVP Packaging Materials at Stora Enso<\/p><\/blockquote><p>The plant at Stora Enso's production facility in Ostro\u0142\u0119ka, which has an annual capacity of 50,000 tonnes, is used exclusively for separating materials from beverage cartons, separating fibres from polymers and aluminium. The fibres are then recycled into carton materials, effectively contributing to the circular economy by converting used paper packaging into new paper-based packaging materials. This <strong>New paper recycling plant is supplemented by the Czech company Plastigram Industries<\/strong>, which, together with Tetra Pak, is developing a solution for recycling PolyAl1 into new products.<\/p><div class=\"packa-in-post-alle\" style=\"text-align: center;\" id=\"packa-3947555801\"><div id=\"packa-3811921732\"><a data-no-instant=\"1\" href=\"https:\/\/packaging-journal.de\/en\/newsletter\/\" rel=\"noopener\" class=\"a2t-link\" target=\"_blank\" aria-label=\"PJ Self-promotion English 03\"><!--noptimize--><img src=\"https:\/\/packaging-journal.de\/wp-content\/uploads\/2026\/01\/PJ-Eigenwerbung-English-03.png\" alt=\"\"  srcset=\"https:\/\/packaging-journal.de\/wp-content\/uploads\/2026\/01\/PJ-Eigenwerbung-English-03.png 840w, https:\/\/packaging-journal.de\/wp-content\/uploads\/2026\/01\/PJ-Eigenwerbung-English-03-300x75.png 300w, https:\/\/packaging-journal.de\/wp-content\/uploads\/2026\/01\/PJ-Eigenwerbung-English-03-768x192.png 768w, https:\/\/packaging-journal.de\/wp-content\/uploads\/2026\/01\/PJ-Eigenwerbung-English-03-18x5.png 18w, https:\/\/packaging-journal.de\/wp-content\/uploads\/2026\/01\/PJ-Eigenwerbung-English-03-332x83.png 332w, https:\/\/packaging-journal.de\/wp-content\/uploads\/2026\/01\/PJ-Eigenwerbung-English-03-664x166.png 664w, https:\/\/packaging-journal.de\/wp-content\/uploads\/2026\/01\/PJ-Eigenwerbung-English-03-688x172.png 688w\" sizes=\"(max-width: 840px) 100vw, 840px\" width=\"840\" height=\"210\"  style=\" max-width: 100%; height: auto;\" \/><!--\/noptimize--><\/a><\/div><\/div><blockquote><p>\u201eFor decades, we have been working to increase beverage carton recycling capacity by investing in new equipment and facilities together with recyclers, technology providers and suppliers. In 2022, Tetra Pak invested almost \u20ac30 million in collection and recycling projects worldwide. Further investments of up to \u20ac40 million per year are planned in the coming years. As part of the Alliance for Beverage Cartons and the Environment (ACE), we support the industry's goal to increase the collection and recycling rate for beverage cartons in the EU to 90 per cent and the recycling rate to 70 per cent by 2030. I am very pleased that our collaboration with Stora Enso is leading to one of the largest recycling centres for beverage cartons in Europe and thus contributing to this goal. This is also an excellent example of how systemic and collective action can help keep high-quality renewable materials such as paper fibres in the loop.\u201c<\/p><p><strong>Lars Holmquist<\/strong>, EVP Sustainability &amp; Communications at Tetra Pak<\/p><\/blockquote><p>The new plant will <strong>Boosting the recycling of beverage cartons throughout Central and Eastern Europe<\/strong> and signalling the beverage carton industry's willingness to support the objectives of the proposed EU Packaging and Packaging Waste Regulation (PPWR). The packaging industry has already invested around \u20ac200 million to increase beverage carton recycling capacity in the EU and plans to invest a further \u20ac120 million by 2027.<\/p><p><em>Source:\u00a0<\/em><a href=\"http:\/\/www.storaenso.com\" target=\"_blank\" rel=\"noopener\">Stora Enso<\/a><\/p><div id=\"packa-2759229568\" class=\"packa-inhalt\"><!--noptimize--><script async src=\"https:\/\/pagead2.googlesyndication.com\/pagead\/js\/adsbygoogle.js?client=ca-pub-2686439340972671\" crossorigin=\"anonymous\"><\/script>\r\n<ins class=\"adsbygoogle\" style=\"display:block;text-align:center\" data-ad-layout=\"in-article\" data-ad-format=\"fluid\" data-ad-client=\"ca-pub-2686439340972671\" data-ad-slot=\"6171251825\"><\/ins>\r\n<script>\r\n     (adsbygoogle = window.adsbygoogle || []).push({});\r\n<\/script><!--\/noptimize--><\/div>\t\t\t\t\t\t\t\t<\/div>\n\t\t\t\t<\/div>\n\t\t\t\t\t<\/div>\n\t\t<\/div>\n\t\t\t\t\t<\/div>\n\t\t<\/section>\n\t\t\t\t<section data-exad-particle-enable=\"false\" class=\"elementor-section elementor-top-section elementor-element elementor-element-151062a5 elementor-section-boxed elementor-section-height-default elementor-section-height-default exad-parallax-effect-no exad-background-color-change-no exad-glass-effect-no exad-sticky-section-no\" data-id=\"151062a5\" data-element_type=\"section\" data-e-type=\"section\" data-settings=\"{&quot;background_background&quot;:&quot;classic&quot;}\">\n\t\t\t\t\t\t<div class=\"elementor-container elementor-column-gap-default\">\n\t\t\t\t\t<div class=\"elementor-column elementor-col-100 elementor-top-column elementor-element elementor-element-6b9e2f58 exad-glass-effect-no exad-sticky-section-no\" data-id=\"6b9e2f58\" data-element_type=\"column\" data-e-type=\"column\">\n\t\t\t<div class=\"elementor-widget-wrap elementor-element-populated\">\n\t\t\t\t\t\t<div class=\"elementor-element elementor-element-4b11edc0 exad-sticky-section-no exad-glass-effect-no elementor-widget elementor-widget-heading\" data-id=\"4b11edc0\" data-element_type=\"widget\" data-e-type=\"widget\" data-widget_type=\"heading.default\">\n\t\t\t\t<div class=\"elementor-widget-container\">\n\t\t\t\t\t<h2 class=\"elementor-heading-title elementor-size-default\">More news on recycling <\/h2>\t\t\t\t<\/div>\n\t\t\t\t<\/div>\n\t\t\t\t<div class=\"elementor-element elementor-element-79054006 elementor-grid-3 elementor-grid-tablet-2 elementor-grid-mobile-1 elementor-posts--thumbnail-top elementor-posts__hover-gradient exad-sticky-section-no exad-glass-effect-no elementor-widget elementor-widget-posts\" data-id=\"79054006\" data-element_type=\"widget\" data-e-type=\"widget\" data-settings=\"{&quot;cards_row_gap&quot;:{&quot;unit&quot;:&quot;px&quot;,&quot;size&quot;:38,&quot;sizes&quot;:[]},&quot;cards_columns&quot;:&quot;3&quot;,&quot;cards_columns_tablet&quot;:&quot;2&quot;,&quot;cards_columns_mobile&quot;:&quot;1&quot;,&quot;cards_row_gap_tablet&quot;:{&quot;unit&quot;:&quot;px&quot;,&quot;size&quot;:&quot;&quot;,&quot;sizes&quot;:[]},&quot;cards_row_gap_mobile&quot;:{&quot;unit&quot;:&quot;px&quot;,&quot;size&quot;:&quot;&quot;,&quot;sizes&quot;:[]}}\" data-widget_type=\"posts.cards\">\n\t\t\t\t<div class=\"elementor-widget-container\">\n\t\t\t\t\t\t\t<div class=\"elementor-posts-container elementor-posts elementor-posts--skin-cards elementor-grid\" role=\"list\">\n\t\t\t\t<article class=\"elementor-post elementor-grid-item post-115468 post type-post status-publish format-standard has-post-thumbnail category-green-packaging tag-abfalltechnik-und-recycling tag-automatisieren-und-robotik tag-digitalisierung tag-interpack tag-itq tag-nachhaltigkeit-und-green-packaging cs-entry cs-video-wrap\" role=\"listitem\">\n\t\t\t<div class=\"elementor-post__card\">\n\t\t\t\t<a class=\"elementor-post__thumbnail__link\" href=\"https:\/\/packaging-journal.de\/en\/itq-setzt-auf-ki-und-nachwuchs\/\" tabindex=\"-1\"><div class=\"elementor-post__thumbnail\"><img decoding=\"async\" width=\"300\" height=\"163\" src=\"https:\/\/packaging-journal.de\/wp-content\/uploads\/2026\/04\/itq-nachwuchs-300x163.jpg\" class=\"attachment-medium size-medium wp-image-115471\" alt=\"\" srcset=\"https:\/\/packaging-journal.de\/wp-content\/uploads\/2026\/04\/itq-nachwuchs-300x163.jpg 300w, https:\/\/packaging-journal.de\/wp-content\/uploads\/2026\/04\/itq-nachwuchs-1024x555.jpg 1024w, https:\/\/packaging-journal.de\/wp-content\/uploads\/2026\/04\/itq-nachwuchs-768x416.jpg 768w, https:\/\/packaging-journal.de\/wp-content\/uploads\/2026\/04\/itq-nachwuchs-18x10.jpg 18w, https:\/\/packaging-journal.de\/wp-content\/uploads\/2026\/04\/itq-nachwuchs-332x180.jpg 332w, https:\/\/packaging-journal.de\/wp-content\/uploads\/2026\/04\/itq-nachwuchs-664x360.jpg 664w, https:\/\/packaging-journal.de\/wp-content\/uploads\/2026\/04\/itq-nachwuchs-688x373.jpg 688w, https:\/\/packaging-journal.de\/wp-content\/uploads\/2026\/04\/itq-nachwuchs-1044x566.jpg 1044w, https:\/\/packaging-journal.de\/wp-content\/uploads\/2026\/04\/itq-nachwuchs.jpg 1200w\" sizes=\"(max-width: 300px) 100vw, 300px\" \/><\/div><\/a>\n\t\t\t\t<div class=\"elementor-post__text\">\n\t\t\t\t<h3 class=\"elementor-post__title\">\n\t\t\t<a href=\"https:\/\/packaging-journal.de\/en\/itq-setzt-auf-ki-und-nachwuchs\/\">\n\t\t\t\tCircular Economy: ITQ relies on AI and young talent\t\t\t<\/a>\n\t\t<\/h3>\n\t\t\t\t<div class=\"elementor-post__excerpt\">\n\t\t\tAt Interpack 2026, ITQ will present how the circular economy can be implemented through AI and the promotion of young talent. The CirQmind project will be at the centre, demonstrating practical applications.\t\t<\/div>\n\t\t\n\t\t<a class=\"elementor-post__read-more\" href=\"https:\/\/packaging-journal.de\/en\/itq-setzt-auf-ki-und-nachwuchs\/\" aria-label=\"Read more about the circular economy: ITQ focuses on AI and young talent\" tabindex=\"-1\">\n\t\t\tRead more \"\t\t<\/a>\n\n\t\t\t\t<\/div>\n\t\t\t\t\t<\/div>\n\t\t<\/article>\n\t\t\t\t<article class=\"elementor-post elementor-grid-item post-115246 post type-post status-publish format-standard has-post-thumbnail category-aus-dem-magazin category-green-packaging tag-abfalltechnik-und-recycling tag-kunststoff-und-verbunde tag-magazin-02-2026 tag-nachhaltigkeit-und-green-packaging tag-packmittel-und-packstoffe tag-pharma-kosmetik-chemie tag-werner-mertz cs-entry cs-video-wrap\" role=\"listitem\">\n\t\t\t<div class=\"elementor-post__card\">\n\t\t\t\t<a class=\"elementor-post__thumbnail__link\" href=\"https:\/\/packaging-journal.de\/en\/women-in-packaging-nachhaltige-verpackungen\/\" tabindex=\"-1\"><div class=\"elementor-post__thumbnail\"><img decoding=\"async\" width=\"300\" height=\"163\" src=\"https:\/\/packaging-journal.de\/wp-content\/uploads\/2026\/04\/wernermertz-julia-knobloch-300x163.jpg\" class=\"attachment-medium size-medium wp-image-115247\" alt=\"\" srcset=\"https:\/\/packaging-journal.de\/wp-content\/uploads\/2026\/04\/wernermertz-julia-knobloch-300x163.jpg 300w, https:\/\/packaging-journal.de\/wp-content\/uploads\/2026\/04\/wernermertz-julia-knobloch-1024x555.jpg 1024w, https:\/\/packaging-journal.de\/wp-content\/uploads\/2026\/04\/wernermertz-julia-knobloch-768x416.jpg 768w, https:\/\/packaging-journal.de\/wp-content\/uploads\/2026\/04\/wernermertz-julia-knobloch-18x10.jpg 18w, https:\/\/packaging-journal.de\/wp-content\/uploads\/2026\/04\/wernermertz-julia-knobloch-332x180.jpg 332w, https:\/\/packaging-journal.de\/wp-content\/uploads\/2026\/04\/wernermertz-julia-knobloch-664x360.jpg 664w, https:\/\/packaging-journal.de\/wp-content\/uploads\/2026\/04\/wernermertz-julia-knobloch-688x373.jpg 688w, https:\/\/packaging-journal.de\/wp-content\/uploads\/2026\/04\/wernermertz-julia-knobloch-1044x566.jpg 1044w, https:\/\/packaging-journal.de\/wp-content\/uploads\/2026\/04\/wernermertz-julia-knobloch.jpg 1200w\" sizes=\"(max-width: 300px) 100vw, 300px\" \/><\/div><\/a>\n\t\t\t\t<div class=\"elementor-post__text\">\n\t\t\t\t<h3 class=\"elementor-post__title\">\n\t\t\t<a href=\"https:\/\/packaging-journal.de\/en\/women-in-packaging-nachhaltige-verpackungen\/\">\n\t\t\t\tWomen in Packaging: Shaping Sustainable Packaging\t\t\t<\/a>\n\t\t<\/h3>\n\t\t\t\t<div class=\"elementor-post__excerpt\">\n\t\t\tAs a packaging developer, Julia Knobloch has been instrumental in the development of sustainable packaging solutions at Werner &amp; Mertz for two years.\t\t<\/div>\n\t\t\n\t\t<a class=\"elementor-post__read-more\" href=\"https:\/\/packaging-journal.de\/en\/women-in-packaging-nachhaltige-verpackungen\/\" aria-label=\"Read more about Women in Packaging: Shaping sustainable packaging\" tabindex=\"-1\">\n\t\t\tRead more \"\t\t<\/a>\n\n\t\t\t\t<\/div>\n\t\t\t\t\t<\/div>\n\t\t<\/article>\n\t\t\t\t<article class=\"elementor-post elementor-grid-item post-115234 post type-post status-publish format-standard has-post-thumbnail category-green-packaging tag-abfalltechnik-und-recycling tag-bde tag-nachhaltigkeit-und-green-packaging tag-packmittel-und-packstoffe cs-entry cs-video-wrap\" role=\"listitem\">\n\t\t\t<div class=\"elementor-post__card\">\n\t\t\t\t<a class=\"elementor-post__thumbnail__link\" href=\"https:\/\/packaging-journal.de\/en\/transformationsbooster-fuer-kreislaufwirtschaft\/\" tabindex=\"-1\"><div class=\"elementor-post__thumbnail\"><img fetchpriority=\"high\" decoding=\"async\" width=\"300\" height=\"200\" src=\"https:\/\/packaging-journal.de\/wp-content\/uploads\/2024\/12\/kreislaufwirtschaft-300x200.jpg\" class=\"attachment-medium size-medium wp-image-97648\" alt=\"\" srcset=\"https:\/\/packaging-journal.de\/wp-content\/uploads\/2024\/12\/kreislaufwirtschaft-300x200.jpg 300w, https:\/\/packaging-journal.de\/wp-content\/uploads\/2024\/12\/kreislaufwirtschaft-1024x683.jpg 1024w, https:\/\/packaging-journal.de\/wp-content\/uploads\/2024\/12\/kreislaufwirtschaft-768x512.jpg 768w, https:\/\/packaging-journal.de\/wp-content\/uploads\/2024\/12\/kreislaufwirtschaft.jpg 1200w\" sizes=\"(max-width: 300px) 100vw, 300px\" \/><\/div><\/a>\n\t\t\t\t<div class=\"elementor-post__text\">\n\t\t\t\t<h3 class=\"elementor-post__title\">\n\t\t\t<a href=\"https:\/\/packaging-journal.de\/en\/transformationsbooster-fuer-kreislaufwirtschaft\/\">\n\t\t\t\tAlliance calls for transformation booster for the circular economy\t\t\t<\/a>\n\t\t<\/h3>\n\t\t\t\t<div class=\"elementor-post__excerpt\">\n\t\t\tAn industry alliance is urging for political measures to strengthen the circular economy. This is intended to secure jobs and make the industry fit for the future.\t\t<\/div>\n\t\t\n\t\t<a class=\"elementor-post__read-more\" href=\"https:\/\/packaging-journal.de\/en\/transformationsbooster-fuer-kreislaufwirtschaft\/\" aria-label=\"Read more about Alliance calls for transformation booster for the circular economy\" tabindex=\"-1\">\n\t\t\tRead more \"\t\t<\/a>\n\n\t\t\t\t<\/div>\n\t\t\t\t\t<\/div>\n\t\t<\/article>\n\t\t\t\t<article class=\"elementor-post elementor-grid-item post-115228 post type-post status-publish format-standard has-post-thumbnail category-green-packaging tag-abfalltechnik-und-recycling tag-kunststoff-und-verbunde tag-nachhaltigkeit-und-green-packaging tag-packmittel-und-packstoffe tag-werner-mertz cs-entry cs-video-wrap\" role=\"listitem\">\n\t\t\t<div class=\"elementor-post__card\">\n\t\t\t\t<a class=\"elementor-post__thumbnail__link\" href=\"https:\/\/packaging-journal.de\/en\/kreislaufwirtschaft-fuer-energiesouveraenitaet\/\" tabindex=\"-1\"><div class=\"elementor-post__thumbnail\"><img loading=\"lazy\" decoding=\"async\" width=\"300\" height=\"163\" src=\"https:\/\/packaging-journal.de\/wp-content\/uploads\/2026\/04\/wernermertz-flaschen-300x163.jpg\" class=\"attachment-medium size-medium wp-image-115230\" alt=\"\" srcset=\"https:\/\/packaging-journal.de\/wp-content\/uploads\/2026\/04\/wernermertz-flaschen-300x163.jpg 300w, https:\/\/packaging-journal.de\/wp-content\/uploads\/2026\/04\/wernermertz-flaschen-1024x555.jpg 1024w, https:\/\/packaging-journal.de\/wp-content\/uploads\/2026\/04\/wernermertz-flaschen-768x416.jpg 768w, https:\/\/packaging-journal.de\/wp-content\/uploads\/2026\/04\/wernermertz-flaschen-18x10.jpg 18w, https:\/\/packaging-journal.de\/wp-content\/uploads\/2026\/04\/wernermertz-flaschen-332x180.jpg 332w, https:\/\/packaging-journal.de\/wp-content\/uploads\/2026\/04\/wernermertz-flaschen-664x360.jpg 664w, https:\/\/packaging-journal.de\/wp-content\/uploads\/2026\/04\/wernermertz-flaschen-688x373.jpg 688w, https:\/\/packaging-journal.de\/wp-content\/uploads\/2026\/04\/wernermertz-flaschen-1044x566.jpg 1044w, https:\/\/packaging-journal.de\/wp-content\/uploads\/2026\/04\/wernermertz-flaschen.jpg 1200w\" sizes=\"(max-width: 300px) 100vw, 300px\" \/><\/div><\/a>\n\t\t\t\t<div class=\"elementor-post__text\">\n\t\t\t\t<h3 class=\"elementor-post__title\">\n\t\t\t<a href=\"https:\/\/packaging-journal.de\/en\/kreislaufwirtschaft-fuer-energiesouveraenitaet\/\">\n\t\t\t\tWerner &amp; Mertz: A Circular Economy Brings Independence and Security\t\t\t<\/a>\n\t\t<\/h3>\n\t\t\t\t<div class=\"elementor-post__excerpt\">\n\t\t\tThe circular economy is gaining importance as a strategy for energy sovereignty and security. Werner &amp; Mertz demonstrates how companies can achieve economic stability through sustainable practices.\t\t<\/div>\n\t\t\n\t\t<a class=\"elementor-post__read-more\" href=\"https:\/\/packaging-journal.de\/en\/kreislaufwirtschaft-fuer-energiesouveraenitaet\/\" aria-label=\"Read more about Werner &amp; Mertz: Circular economy brings independence and security\" tabindex=\"-1\">\n\t\t\tRead more \"\t\t<\/a>\n\n\t\t\t\t<\/div>\n\t\t\t\t\t<\/div>\n\t\t<\/article>\n\t\t\t\t<article class=\"elementor-post elementor-grid-item post-115032 post type-post status-publish format-standard has-post-thumbnail category-green-packaging tag-abfalltechnik-und-recycling tag-initiative-natuerliche-kreislaufwirtschaft tag-kunststoff-und-verbunde tag-nachhaltigkeit-und-green-packaging cs-entry cs-video-wrap\" role=\"listitem\">\n\t\t\t<div class=\"elementor-post__card\">\n\t\t\t\t<a class=\"elementor-post__thumbnail__link\" href=\"https:\/\/packaging-journal.de\/en\/forschungsprojekt-kompostierbare-kunststoffe\/\" tabindex=\"-1\"><div class=\"elementor-post__thumbnail\"><img loading=\"lazy\" decoding=\"async\" width=\"300\" height=\"163\" src=\"https:\/\/packaging-journal.de\/wp-content\/uploads\/2026\/04\/forschungsprojekt-kunststoffkompostierung-300x163.jpg\" class=\"attachment-medium size-medium wp-image-115034\" alt=\"\" srcset=\"https:\/\/packaging-journal.de\/wp-content\/uploads\/2026\/04\/forschungsprojekt-kunststoffkompostierung-300x163.jpg 300w, https:\/\/packaging-journal.de\/wp-content\/uploads\/2026\/04\/forschungsprojekt-kunststoffkompostierung-1024x555.jpg 1024w, https:\/\/packaging-journal.de\/wp-content\/uploads\/2026\/04\/forschungsprojekt-kunststoffkompostierung-768x416.jpg 768w, https:\/\/packaging-journal.de\/wp-content\/uploads\/2026\/04\/forschungsprojekt-kunststoffkompostierung-18x10.jpg 18w, https:\/\/packaging-journal.de\/wp-content\/uploads\/2026\/04\/forschungsprojekt-kunststoffkompostierung-332x180.jpg 332w, https:\/\/packaging-journal.de\/wp-content\/uploads\/2026\/04\/forschungsprojekt-kunststoffkompostierung-664x360.jpg 664w, https:\/\/packaging-journal.de\/wp-content\/uploads\/2026\/04\/forschungsprojekt-kunststoffkompostierung-688x373.jpg 688w, https:\/\/packaging-journal.de\/wp-content\/uploads\/2026\/04\/forschungsprojekt-kunststoffkompostierung-1044x566.jpg 1044w, https:\/\/packaging-journal.de\/wp-content\/uploads\/2026\/04\/forschungsprojekt-kunststoffkompostierung.jpg 1200w\" sizes=\"(max-width: 300px) 100vw, 300px\" \/><\/div><\/a>\n\t\t\t\t<div class=\"elementor-post__text\">\n\t\t\t\t<h3 class=\"elementor-post__title\">\n\t\t\t<a href=\"https:\/\/packaging-journal.de\/en\/forschungsprojekt-kompostierbare-kunststoffe\/\">\n\t\t\t\tHow well do compostable films really break down in soil?\t\t\t<\/a>\n\t\t<\/h3>\n\t\t\t\t<div class=\"elementor-post__excerpt\">\n\t\t\tA German-Austrian project is investigating how compostable plastic films decompose in soil. The aim is to better understand the environmental compatibility of these materials.\t\t<\/div>\n\t\t\n\t\t<a class=\"elementor-post__read-more\" href=\"https:\/\/packaging-journal.de\/en\/forschungsprojekt-kompostierbare-kunststoffe\/\" aria-label=\"Read more about How well do compostable films really break down in soil?\" tabindex=\"-1\">\n\t\t\tRead more \"\t\t<\/a>\n\n\t\t\t\t<\/div>\n\t\t\t\t\t<\/div>\n\t\t<\/article>\n\t\t\t\t<article class=\"elementor-post elementor-grid-item post-114895 post type-post status-publish format-standard has-post-thumbnail category-sponsored-post tag-abfalltechnik-und-recycling tag-ballenpressen tag-hsm tag-papier-pappe-karton cs-entry cs-video-wrap\" role=\"listitem\">\n\t\t\t<div class=\"elementor-post__card\">\n\t\t\t\t<a class=\"elementor-post__thumbnail__link\" href=\"https:\/\/packaging-journal.de\/en\/ballenpressen-effiziente-entsorgungs-und-recyclingloesungen-fuer-die-verpackungsindustrie\/\" tabindex=\"-1\"><div class=\"elementor-post__thumbnail\"><img loading=\"lazy\" decoding=\"async\" width=\"300\" height=\"169\" src=\"https:\/\/packaging-journal.de\/wp-content\/uploads\/2026\/04\/1776412522671_Truck_loading-300x169.jpg\" class=\"attachment-medium size-medium wp-image-114897\" alt=\"\" srcset=\"https:\/\/packaging-journal.de\/wp-content\/uploads\/2026\/04\/1776412522671_Truck_loading-300x169.jpg 300w, https:\/\/packaging-journal.de\/wp-content\/uploads\/2026\/04\/1776412522671_Truck_loading-1024x576.jpg 1024w, https:\/\/packaging-journal.de\/wp-content\/uploads\/2026\/04\/1776412522671_Truck_loading-768x432.jpg 768w, https:\/\/packaging-journal.de\/wp-content\/uploads\/2026\/04\/1776412522671_Truck_loading-18x10.jpg 18w, https:\/\/packaging-journal.de\/wp-content\/uploads\/2026\/04\/1776412522671_Truck_loading-332x187.jpg 332w, https:\/\/packaging-journal.de\/wp-content\/uploads\/2026\/04\/1776412522671_Truck_loading-664x374.jpg 664w, https:\/\/packaging-journal.de\/wp-content\/uploads\/2026\/04\/1776412522671_Truck_loading-688x387.jpg 688w, https:\/\/packaging-journal.de\/wp-content\/uploads\/2026\/04\/1776412522671_Truck_loading-1044x587.jpg 1044w, https:\/\/packaging-journal.de\/wp-content\/uploads\/2026\/04\/1776412522671_Truck_loading.jpg 1200w\" sizes=\"(max-width: 300px) 100vw, 300px\" \/><\/div><\/a>\n\t\t\t\t<div class=\"elementor-post__text\">\n\t\t\t\t<h3 class=\"elementor-post__title\">\n\t\t\t<a href=\"https:\/\/packaging-journal.de\/en\/ballenpressen-effiziente-entsorgungs-und-recyclingloesungen-fuer-die-verpackungsindustrie\/\">\n\t\t\t\tBale presses: efficient disposal and recycling solutions for the packaging industry\t\t\t<\/a>\n\t\t<\/h3>\n\t\t\t\t<div class=\"elementor-post__excerpt\">\n\t\t\tPaper, cardboard, film: Packaging companies generate large quantities of cutting and production waste every day. How balers compact valuable materials directly at the point of origin, reduce transport costs, and increase recycling rates.\t\t<\/div>\n\t\t\n\t\t<a class=\"elementor-post__read-more\" href=\"https:\/\/packaging-journal.de\/en\/ballenpressen-effiziente-entsorgungs-und-recyclingloesungen-fuer-die-verpackungsindustrie\/\" aria-label=\"Read more about balers: efficient disposal and recycling solutions for the packaging industry\" tabindex=\"-1\">\n\t\t\tRead more \"\t\t<\/a>\n\n\t\t\t\t<\/div>\n\t\t\t\t\t<\/div>\n\t\t<\/article>\n\t\t\t\t<\/div>\n\t\t\n\t\t\t\t\t\t<\/div>\n\t\t\t\t<\/div>\n\t\t\t\t\t<\/div>\n\t\t<\/div>\n\t\t\t\t\t<\/div>\n\t\t<\/section>\n\t\t\t\t<\/div>","protected":false},"excerpt":{"rendered":"Stora Enso and Tetra Pak have invested in a recycling plant in Poland with the aim of increasing recycling capacity for beverage cartons.","protected":false},"author":1,"featured_media":82026,"comment_status":"closed","ping_status":"closed","sticky":false,"template":"","format":"standard","meta":{"_acf_changed":false,"__cvm_playback_settings":[],"__cvm_video_id":"","rank_math_description":"Stora Enso und Tetra Pak haben in eine Recyclinganlage in Polen investiert und wollen so die Recyclingkapazit\u00e4ten f\u00fcr Getr\u00e4nkekartons erh\u00f6hen.","rank_math_focus_keyword":"recyclingkapazit\u00e4t,getr\u00e4nkekartons,stora enso","rank_math_title":"","csco_display_header_overlay":false,"csco_singular_sidebar":"","csco_page_header_type":"","csco_page_load_nextpost":"","csco_post_video_location":[],"csco_post_video_location_hash":"","csco_post_video_url":"","csco_post_video_bg_start_time":0,"csco_post_video_bg_end_time":0,"footnotes":"","_links_to":"","_links_to_target":""},"categories":[114],"tags":[65,48,31,32,1487,58747,58846],"class_list":{"0":"post-82022","1":"post","2":"type-post","3":"status-publish","4":"format-standard","5":"has-post-thumbnail","7":"category-aus-den-unternehmen-news","8":"tag-abfalltechnik-und-recycling","9":"tag-getraenke","10":"tag-nachhaltigkeit-und-green-packaging","11":"tag-packmittel-und-packstoffe","12":"tag-papier-pappe-karton","13":"tag-stora-enso","14":"tag-tetra-pak","15":"cs-entry","16":"cs-video-wrap"},"acf":[],"vimeo_video":null,"_links":{"self":[{"href":"https:\/\/packaging-journal.de\/en\/wp-json\/wp\/v2\/posts\/82022","targetHints":{"allow":["GET"]}}],"collection":[{"href":"https:\/\/packaging-journal.de\/en\/wp-json\/wp\/v2\/posts"}],"about":[{"href":"https:\/\/packaging-journal.de\/en\/wp-json\/wp\/v2\/types\/post"}],"author":[{"embeddable":true,"href":"https:\/\/packaging-journal.de\/en\/wp-json\/wp\/v2\/users\/1"}],"replies":[{"embeddable":true,"href":"https:\/\/packaging-journal.de\/en\/wp-json\/wp\/v2\/comments?post=82022"}],"version-history":[{"count":0,"href":"https:\/\/packaging-journal.de\/en\/wp-json\/wp\/v2\/posts\/82022\/revisions"}],"wp:featuredmedia":[{"embeddable":true,"href":"https:\/\/packaging-journal.de\/en\/wp-json\/wp\/v2\/media\/82026"}],"wp:attachment":[{"href":"https:\/\/packaging-journal.de\/en\/wp-json\/wp\/v2\/media?parent=82022"}],"wp:term":[{"taxonomy":"category","embeddable":true,"href":"https:\/\/packaging-journal.de\/en\/wp-json\/wp\/v2\/categories?post=82022"},{"taxonomy":"post_tag","embeddable":true,"href":"https:\/\/packaging-journal.de\/en\/wp-json\/wp\/v2\/tags?post=82022"}],"curies":[{"name":"wp","href":"https:\/\/api.w.org\/{rel}","templated":true}]}}