{"id":83929,"date":"2023-08-08T09:20:23","date_gmt":"2023-08-08T07:20:23","guid":{"rendered":"https:\/\/packaging-journal.de\/?p=83929"},"modified":"2023-08-08T11:36:21","modified_gmt":"2023-08-08T09:36:21","slug":"kama-strengthens-its-top-management","status":"publish","type":"post","link":"https:\/\/packaging-journal.de\/en\/kama-verstaerkt-die-fuehrungsspitze\/","title":{"rendered":"Kama strengthens top management"},"content":{"rendered":"<div data-elementor-type=\"wp-post\" data-elementor-id=\"83929\" class=\"elementor elementor-83929\" data-elementor-post-type=\"post\">\n\t\t\t\t\t\t<section data-exad-particle-enable=\"false\" class=\"elementor-section elementor-top-section elementor-element elementor-element-1ef817a elementor-section-boxed elementor-section-height-default elementor-section-height-default exad-parallax-effect-no exad-background-color-change-no exad-glass-effect-no exad-sticky-section-no\" data-id=\"1ef817a\" data-element_type=\"section\" data-e-type=\"section\">\n\t\t\t\t\t\t<div class=\"elementor-container elementor-column-gap-default\">\n\t\t\t\t\t<div class=\"elementor-column elementor-col-100 elementor-top-column elementor-element elementor-element-2868433 exad-glass-effect-no exad-sticky-section-no\" data-id=\"2868433\" data-element_type=\"column\" data-e-type=\"column\">\n\t\t\t<div class=\"elementor-widget-wrap elementor-element-populated\">\n\t\t\t\t\t\t<div class=\"elementor-element elementor-element-1a2a3b4 exad-sticky-section-no exad-glass-effect-no elementor-widget elementor-widget-text-editor\" data-id=\"1a2a3b4\" data-element_type=\"widget\" data-e-type=\"widget\" data-widget_type=\"text-editor.default\">\n\t\t\t\t<div class=\"elementor-widget-container\">\n\t\t\t\t\t\t\t\t\t<p><strong>Dresden-based machine manufacturer Kama is strengthening its management team: on 1 August, Jordi Giralt took over the Sales &amp; Marketing division as Chief Business Officer (CBO).<\/strong><\/p>\t\t\t\t\t\t\t\t<\/div>\n\t\t\t\t<\/div>\n\t\t\t\t\t<\/div>\n\t\t<\/div>\n\t\t\t\t\t<\/div>\n\t\t<\/section>\n\t\t\t\t<section data-exad-particle-enable=\"false\" class=\"elementor-section elementor-top-section elementor-element elementor-element-bc5b148 elementor-section-boxed elementor-section-height-default elementor-section-height-default exad-parallax-effect-no exad-background-color-change-no exad-glass-effect-no exad-sticky-section-no\" data-id=\"bc5b148\" data-element_type=\"section\" data-e-type=\"section\">\n\t\t\t\t\t\t<div class=\"elementor-container elementor-column-gap-default\">\n\t\t\t\t\t<div class=\"elementor-column elementor-col-100 elementor-top-column elementor-element elementor-element-036dfbb exad-glass-effect-no exad-sticky-section-no\" data-id=\"036dfbb\" data-element_type=\"column\" data-e-type=\"column\">\n\t\t\t<div class=\"elementor-widget-wrap elementor-element-populated\">\n\t\t\t\t\t\t<div class=\"elementor-element elementor-element-07858c2 exad-sticky-section-no exad-glass-effect-no elementor-widget elementor-widget-text-editor\" data-id=\"07858c2\" data-element_type=\"widget\" data-e-type=\"widget\" data-widget_type=\"text-editor.default\">\n\t\t\t\t<div class=\"elementor-widget-container\">\n\t\t\t\t\t\t\t\t\t<p>The native Spaniard will take over the <strong>global sales, marketing and strategic product management<\/strong> and further develop the corporate strategy together with the two managing directors Steffen Pieper and Bernd Sauter.<\/p><p>In Jordi Giralt, Kama is bringing on board an internationally networked industry insider with many years of experience, particularly in the field of <strong>in digital printing and digital finishing<\/strong> and previously held management positions at HP Indigo, Heidelberger Druckmaschinen and Leonhard Kurz.<\/p><div class=\"packa-in-post-alle\" style=\"text-align: center;\" id=\"packa-515862336\"><div id=\"packa-2167097543\"><a data-no-instant=\"1\" href=\"https:\/\/packaging-journal.de\/en\/newsletter\/\" rel=\"noopener\" class=\"a2t-link\" target=\"_blank\" aria-label=\"PJ Self-promotion English 03\"><!--noptimize--><img src=\"https:\/\/packaging-journal.de\/wp-content\/uploads\/2026\/01\/PJ-Eigenwerbung-English-03.png\" alt=\"\"  srcset=\"https:\/\/packaging-journal.de\/wp-content\/uploads\/2026\/01\/PJ-Eigenwerbung-English-03.png 840w, https:\/\/packaging-journal.de\/wp-content\/uploads\/2026\/01\/PJ-Eigenwerbung-English-03-300x75.png 300w, https:\/\/packaging-journal.de\/wp-content\/uploads\/2026\/01\/PJ-Eigenwerbung-English-03-768x192.png 768w, https:\/\/packaging-journal.de\/wp-content\/uploads\/2026\/01\/PJ-Eigenwerbung-English-03-18x5.png 18w, https:\/\/packaging-journal.de\/wp-content\/uploads\/2026\/01\/PJ-Eigenwerbung-English-03-332x83.png 332w, https:\/\/packaging-journal.de\/wp-content\/uploads\/2026\/01\/PJ-Eigenwerbung-English-03-664x166.png 664w, https:\/\/packaging-journal.de\/wp-content\/uploads\/2026\/01\/PJ-Eigenwerbung-English-03-688x172.png 688w\" sizes=\"(max-width: 840px) 100vw, 840px\" width=\"840\" height=\"210\"  style=\" max-width: 100%; height: auto;\" \/><!--\/noptimize--><\/a><\/div><\/div><p><em>Source<\/em>: <a href=\"https:\/\/www.kama.info\/de\/\" target=\"_blank\" rel=\"noopener\">Kama<\/a><\/p>\t\t\t\t\t\t\t\t<\/div>\n\t\t\t\t<\/div>\n\t\t\t\t\t<\/div>\n\t\t<\/div>\n\t\t\t\t\t<\/div>\n\t\t<\/section>\n\t\t\t\t<section data-exad-particle-enable=\"false\" class=\"elementor-section elementor-top-section elementor-element elementor-element-419d43d8 elementor-section-boxed elementor-section-height-default elementor-section-height-default exad-parallax-effect-no exad-background-color-change-no exad-glass-effect-no exad-sticky-section-no\" data-id=\"419d43d8\" data-element_type=\"section\" data-e-type=\"section\" data-settings=\"{&quot;background_background&quot;:&quot;classic&quot;}\">\n\t\t\t\t\t\t<div class=\"elementor-container elementor-column-gap-default\">\n\t\t\t\t\t<div class=\"elementor-column elementor-col-100 elementor-top-column elementor-element elementor-element-588438fc exad-glass-effect-no exad-sticky-section-no\" data-id=\"588438fc\" data-element_type=\"column\" data-e-type=\"column\">\n\t\t\t<div class=\"elementor-widget-wrap elementor-element-populated\">\n\t\t\t\t\t\t<div class=\"elementor-element elementor-element-77fd292 exad-sticky-section-no exad-glass-effect-no elementor-widget elementor-widget-heading\" data-id=\"77fd292\" data-element_type=\"widget\" data-e-type=\"widget\" data-widget_type=\"heading.default\">\n\t\t\t\t<div class=\"elementor-widget-container\">\n\t\t\t\t\t<h2 class=\"elementor-heading-title elementor-size-default\">Kama - More news<\/h2>\t\t\t\t<\/div>\n\t\t\t\t<\/div>\n\t\t\t\t<div class=\"elementor-element elementor-element-78c65a02 elementor-grid-3 elementor-grid-tablet-2 elementor-grid-mobile-1 elementor-posts--thumbnail-top elementor-posts__hover-gradient exad-sticky-section-no exad-glass-effect-no elementor-widget elementor-widget-posts\" data-id=\"78c65a02\" data-element_type=\"widget\" data-e-type=\"widget\" data-settings=\"{&quot;cards_row_gap&quot;:{&quot;unit&quot;:&quot;px&quot;,&quot;size&quot;:38,&quot;sizes&quot;:[]},&quot;cards_columns&quot;:&quot;3&quot;,&quot;cards_columns_tablet&quot;:&quot;2&quot;,&quot;cards_columns_mobile&quot;:&quot;1&quot;,&quot;cards_row_gap_tablet&quot;:{&quot;unit&quot;:&quot;px&quot;,&quot;size&quot;:&quot;&quot;,&quot;sizes&quot;:[]},&quot;cards_row_gap_mobile&quot;:{&quot;unit&quot;:&quot;px&quot;,&quot;size&quot;:&quot;&quot;,&quot;sizes&quot;:[]}}\" data-widget_type=\"posts.cards\">\n\t\t\t\t<div class=\"elementor-widget-container\">\n\t\t\t\t\t\t\t<div class=\"elementor-posts-container elementor-posts elementor-posts--skin-cards elementor-grid\" role=\"list\">\n\t\t\t\t<article class=\"elementor-post elementor-grid-item post-83929 post type-post status-publish format-standard has-post-thumbnail category-personen tag-kama tag-news-express tag-verpackungsmaschinen cs-entry cs-video-wrap\" role=\"listitem\">\n\t\t\t<div class=\"elementor-post__card\">\n\t\t\t\t<a class=\"elementor-post__thumbnail__link\" href=\"https:\/\/packaging-journal.de\/en\/kama-verstaerkt-die-fuehrungsspitze\/\" tabindex=\"-1\"><div class=\"elementor-post__thumbnail\"><img decoding=\"async\" width=\"300\" height=\"163\" src=\"https:\/\/packaging-journal.de\/wp-content\/uploads\/2023\/08\/kama-jordi-giralt-1-300x163.jpg\" class=\"attachment-medium size-medium wp-image-83950\" alt=\"Kama Jordi Giralt\" srcset=\"https:\/\/packaging-journal.de\/wp-content\/uploads\/2023\/08\/kama-jordi-giralt-1-300x163.jpg 300w, https:\/\/packaging-journal.de\/wp-content\/uploads\/2023\/08\/kama-jordi-giralt-1-1024x555.jpg 1024w, https:\/\/packaging-journal.de\/wp-content\/uploads\/2023\/08\/kama-jordi-giralt-1-768x416.jpg 768w, https:\/\/packaging-journal.de\/wp-content\/uploads\/2023\/08\/kama-jordi-giralt-1.jpg 1200w\" sizes=\"(max-width: 300px) 100vw, 300px\" \/><\/div><\/a>\n\t\t\t\t<div class=\"elementor-post__text\">\n\t\t\t\t<h3 class=\"elementor-post__title\">\n\t\t\t<a href=\"https:\/\/packaging-journal.de\/en\/kama-verstaerkt-die-fuehrungsspitze\/\">\n\t\t\t\tKama strengthens top management\t\t\t<\/a>\n\t\t<\/h3>\n\t\t\t\t<div class=\"elementor-post__excerpt\">\n\t\t\tThe Dresden-based machine manufacturer Kama is strengthening its management team; Jordi Giralt is taking over the Sales &amp; Marketing division as Chief Business Officer (CBO).\t\t<\/div>\n\t\t\n\t\t<a class=\"elementor-post__read-more\" href=\"https:\/\/packaging-journal.de\/en\/kama-verstaerkt-die-fuehrungsspitze\/\" aria-label=\"Read more about Kama strengthens top management\" tabindex=\"-1\">\n\t\t\tRead more \"\t\t<\/a>\n\n\t\t\t\t<\/div>\n\t\t\t\t\t<\/div>\n\t\t<\/article>\n\t\t\t\t<article class=\"elementor-post elementor-grid-item post-38499 post type-post status-publish format-standard has-post-thumbnail category-verpackungstechnik tag-kama tag-verpackungsdruck-und-veredelung tag-verpackungsmaschinen cs-entry cs-video-wrap\" role=\"listitem\">\n\t\t\t<div class=\"elementor-post__card\">\n\t\t\t\t<a class=\"elementor-post__thumbnail__link\" href=\"https:\/\/packaging-journal.de\/en\/kama-launcht-nachfolger-fuer-zylinder\/\" tabindex=\"-1\"><div class=\"elementor-post__thumbnail\"><img fetchpriority=\"high\" decoding=\"async\" width=\"300\" height=\"180\" src=\"https:\/\/packaging-journal.de\/wp-content\/uploads\/2020\/10\/KAMA-ComCut-76-Stanz-Praegemaschine-front-300x180.jpg\" class=\"attachment-medium size-medium wp-image-38503\" alt=\"The new KAMA ComCut 76\" srcset=\"https:\/\/packaging-journal.de\/wp-content\/uploads\/2020\/10\/KAMA-ComCut-76-Stanz-Praegemaschine-front-300x180.jpg 300w, https:\/\/packaging-journal.de\/wp-content\/uploads\/2020\/10\/KAMA-ComCut-76-Stanz-Praegemaschine-front-600x361.jpg 600w, https:\/\/packaging-journal.de\/wp-content\/uploads\/2020\/10\/KAMA-ComCut-76-Stanz-Praegemaschine-front-1024x616.jpg 1024w, https:\/\/packaging-journal.de\/wp-content\/uploads\/2020\/10\/KAMA-ComCut-76-Stanz-Praegemaschine-front-768x462.jpg 768w, https:\/\/packaging-journal.de\/wp-content\/uploads\/2020\/10\/KAMA-ComCut-76-Stanz-Praegemaschine-front-1536x923.jpg 1536w, https:\/\/packaging-journal.de\/wp-content\/uploads\/2020\/10\/KAMA-ComCut-76-Stanz-Praegemaschine-front-1320x794.jpg 1320w, https:\/\/packaging-journal.de\/wp-content\/uploads\/2020\/10\/KAMA-ComCut-76-Stanz-Praegemaschine-front.jpg 1750w\" sizes=\"(max-width: 300px) 100vw, 300px\" \/><\/div><\/a>\n\t\t\t\t<div class=\"elementor-post__text\">\n\t\t\t\t<h3 class=\"elementor-post__title\">\n\t\t\t<a href=\"https:\/\/packaging-journal.de\/en\/kama-launcht-nachfolger-fuer-zylinder\/\">\n\t\t\t\tKama launches successor for cylinder\t\t\t<\/a>\n\t\t<\/h3>\n\t\t\t\t<div class=\"elementor-post__excerpt\">\n\t\t\tThe new ComCut 76 from the Dresden-based machine manufacturer for efficient further processing should pay for itself quickly. This solution fits into\t\t<\/div>\n\t\t\n\t\t<a class=\"elementor-post__read-more\" href=\"https:\/\/packaging-journal.de\/en\/kama-launcht-nachfolger-fuer-zylinder\/\" aria-label=\"Read more about Kama launches successor for cylinder\" tabindex=\"-1\">\n\t\t\tRead more \"\t\t<\/a>\n\n\t\t\t\t<\/div>\n\t\t\t\t\t<\/div>\n\t\t<\/article>\n\t\t\t\t<article class=\"elementor-post elementor-grid-item post-10357 post type-post status-publish format-standard has-post-thumbnail category-aus-dem-magazin category-verpackungstechnik tag-kama tag-papier-pappe-karton tag-verpackungsdruck-und-veredelung tag-verpackungstechnik cs-entry cs-video-wrap\" role=\"listitem\">\n\t\t\t<div class=\"elementor-post__card\">\n\t\t\t\t<a class=\"elementor-post__thumbnail__link\" href=\"https:\/\/packaging-journal.de\/en\/kama-postpress-akzidenz-verpackung\/\" tabindex=\"-1\"><div class=\"elementor-post__thumbnail\"><img decoding=\"async\" width=\"300\" height=\"201\" src=\"https:\/\/packaging-journal.de\/wp-content\/uploads\/2018\/05\/VD_KAMA_Demo-Days_FKM-300x201.jpg\" class=\"attachment-medium size-medium wp-image-10355\" alt=\"Networking machines, networking people\" srcset=\"https:\/\/packaging-journal.de\/wp-content\/uploads\/2018\/05\/VD_KAMA_Demo-Days_FKM-300x201.jpg 300w, https:\/\/packaging-journal.de\/wp-content\/uploads\/2018\/05\/VD_KAMA_Demo-Days_FKM-e1525269563494-600x403.jpg 600w, https:\/\/packaging-journal.de\/wp-content\/uploads\/2018\/05\/VD_KAMA_Demo-Days_FKM-768x516.jpg 768w, https:\/\/packaging-journal.de\/wp-content\/uploads\/2018\/05\/VD_KAMA_Demo-Days_FKM-1024x688.jpg 1024w, https:\/\/packaging-journal.de\/wp-content\/uploads\/2018\/05\/VD_KAMA_Demo-Days_FKM-1320x886.jpg 1320w, https:\/\/packaging-journal.de\/wp-content\/uploads\/2018\/05\/VD_KAMA_Demo-Days_FKM-e1525269563494.jpg 1200w\" sizes=\"(max-width: 300px) 100vw, 300px\" \/><\/div><\/a>\n\t\t\t\t<div class=\"elementor-post__text\">\n\t\t\t\t<h3 class=\"elementor-post__title\">\n\t\t\t<a href=\"https:\/\/packaging-journal.de\/en\/kama-postpress-akzidenz-verpackung\/\">\n\t\t\t\tKAMA networks postpress for commercial printing and packaging\t\t\t<\/a>\n\t\t<\/h3>\n\t\t\t\t<div class=\"elementor-post__excerpt\">\n\t\t\tUnder the motto \u201eImpress with Postpress\u201c, Dresden-based KAMA GmbH presented the digital networking of its versatile solutions via a central cockpit with the new \u201eKAMA Job Manager\u201c software for the first time,\t\t<\/div>\n\t\t\n\t\t<a class=\"elementor-post__read-more\" href=\"https:\/\/packaging-journal.de\/en\/kama-postpress-akzidenz-verpackung\/\" aria-label=\"Read more about KAMA networks postpress for commercial printing and packaging\" tabindex=\"-1\">\n\t\t\tRead more \"\t\t<\/a>\n\n\t\t\t\t<\/div>\n\t\t\t\t\t<\/div>\n\t\t<\/article>\n\t\t\t\t<article class=\"elementor-post elementor-grid-item post-8491 post type-post status-publish format-standard has-post-thumbnail category-aus-den-unternehmen-news category-verpackungstechnik tag-aus-den-unternehmen tag-kama tag-papier-pappe-karton tag-verpackungstechnik cs-entry cs-video-wrap\" role=\"listitem\">\n\t\t\t<div class=\"elementor-post__card\">\n\t\t\t\t<a class=\"elementor-post__thumbnail__link\" href=\"https:\/\/packaging-journal.de\/en\/ffi-arbeitskreis-tagte-bei-faltschachtel-verarbeiter-kama\/\" tabindex=\"-1\"><div class=\"elementor-post__thumbnail\"><img loading=\"lazy\" decoding=\"async\" width=\"300\" height=\"138\" src=\"https:\/\/packaging-journal.de\/wp-content\/uploads\/2018\/03\/FFI_Gruppenbild_bei_KAMA_09_03_2018-278-klein-300x138.jpg\" class=\"attachment-medium size-medium wp-image-8493\" alt=\"FFI working group \u201eSmall but mighty\u201c at Kama in Dresden\" srcset=\"https:\/\/packaging-journal.de\/wp-content\/uploads\/2018\/03\/FFI_Gruppenbild_bei_KAMA_09_03_2018-278-klein-300x138.jpg 300w, https:\/\/packaging-journal.de\/wp-content\/uploads\/2018\/03\/FFI_Gruppenbild_bei_KAMA_09_03_2018-278-klein-600x275.jpg 600w, https:\/\/packaging-journal.de\/wp-content\/uploads\/2018\/03\/FFI_Gruppenbild_bei_KAMA_09_03_2018-278-klein-768x353.jpg 768w, https:\/\/packaging-journal.de\/wp-content\/uploads\/2018\/03\/FFI_Gruppenbild_bei_KAMA_09_03_2018-278-klein.jpg 1024w\" sizes=\"(max-width: 300px) 100vw, 300px\" \/><\/div><\/a>\n\t\t\t\t<div class=\"elementor-post__text\">\n\t\t\t\t<h3 class=\"elementor-post__title\">\n\t\t\t<a href=\"https:\/\/packaging-journal.de\/en\/ffi-arbeitskreis-tagte-bei-faltschachtel-verarbeiter-kama\/\">\n\t\t\t\tSmall but mighty: processing folding cartons \u201eon demand\u201c\t\t\t<\/a>\n\t\t<\/h3>\n\t\t\t\t<div class=\"elementor-post__excerpt\">\n\t\t\tThe FFI working group \u201eSmall but mighty\u201c visited Dresden-based Kama GmbH to find out about the processing and finishing of folding cartons \u201eon demand\u201c.\t\t<\/div>\n\t\t\n\t\t<a class=\"elementor-post__read-more\" href=\"https:\/\/packaging-journal.de\/en\/ffi-arbeitskreis-tagte-bei-faltschachtel-verarbeiter-kama\/\" aria-label=\"Read more about Small but mighty: processing folding cartons on demand\" tabindex=\"-1\">\n\t\t\tRead more \"\t\t<\/a>\n\n\t\t\t\t<\/div>\n\t\t\t\t\t<\/div>\n\t\t<\/article>\n\t\t\t\t<\/div>\n\t\t\n\t\t\t\t\t\t<\/div>\n\t\t\t\t<\/div>\n\t\t\t\t\t<\/div>\n\t\t<\/div>\n\t\t\t\t\t<\/div>\n\t\t<\/section>\n\t\t\t\t<\/div>","protected":false},"excerpt":{"rendered":"The Dresden-based machine manufacturer Kama is strengthening its management team; Jordi Giralt is taking over the Sales &amp; Marketing division as Chief Business Officer (CBO).","protected":false},"author":20,"featured_media":83950,"comment_status":"closed","ping_status":"closed","sticky":false,"template":"","format":"standard","meta":{"_acf_changed":false,"__cvm_playback_settings":[],"__cvm_video_id":"","rank_math_description":"Der Dresdner Maschinenhersteller Kama verst\u00e4rkt sein F\u00fchrungsteam: Jordi Giralt \u00fcbernimmt als Chief Business Officer (CBO) den Bereich Sales &amp; Marketing.\n\n","rank_math_focus_keyword":"Kama","rank_math_title":"","csco_display_header_overlay":false,"csco_singular_sidebar":"","csco_page_header_type":"","csco_page_load_nextpost":"","csco_post_video_location":[],"csco_post_video_location_hash":"","csco_post_video_url":"","csco_post_video_bg_start_time":0,"csco_post_video_bg_end_time":0,"footnotes":"","_links_to":"","_links_to_target":""},"categories":[112],"tags":[58793,59142,70],"class_list":{"0":"post-83929","1":"post","2":"type-post","3":"status-publish","4":"format-standard","5":"has-post-thumbnail","7":"category-personen","8":"tag-kama","9":"tag-news-express","10":"tag-verpackungsmaschinen","11":"cs-entry","12":"cs-video-wrap"},"acf":[],"vimeo_video":null,"_links":{"self":[{"href":"https:\/\/packaging-journal.de\/en\/wp-json\/wp\/v2\/posts\/83929","targetHints":{"allow":["GET"]}}],"collection":[{"href":"https:\/\/packaging-journal.de\/en\/wp-json\/wp\/v2\/posts"}],"about":[{"href":"https:\/\/packaging-journal.de\/en\/wp-json\/wp\/v2\/types\/post"}],"author":[{"embeddable":true,"href":"https:\/\/packaging-journal.de\/en\/wp-json\/wp\/v2\/users\/20"}],"replies":[{"embeddable":true,"href":"https:\/\/packaging-journal.de\/en\/wp-json\/wp\/v2\/comments?post=83929"}],"version-history":[{"count":0,"href":"https:\/\/packaging-journal.de\/en\/wp-json\/wp\/v2\/posts\/83929\/revisions"}],"wp:featuredmedia":[{"embeddable":true,"href":"https:\/\/packaging-journal.de\/en\/wp-json\/wp\/v2\/media\/83950"}],"wp:attachment":[{"href":"https:\/\/packaging-journal.de\/en\/wp-json\/wp\/v2\/media?parent=83929"}],"wp:term":[{"taxonomy":"category","embeddable":true,"href":"https:\/\/packaging-journal.de\/en\/wp-json\/wp\/v2\/categories?post=83929"},{"taxonomy":"post_tag","embeddable":true,"href":"https:\/\/packaging-journal.de\/en\/wp-json\/wp\/v2\/tags?post=83929"}],"curies":[{"name":"wp","href":"https:\/\/api.w.org\/{rel}","templated":true}]}}