{"id":84980,"date":"2023-09-15T09:09:35","date_gmt":"2023-09-15T07:09:35","guid":{"rendered":"https:\/\/packaging-journal.de\/?p=84980"},"modified":"2023-08-31T21:09:59","modified_gmt":"2023-08-31T19:09:59","slug":"carboliq-converts-plastic-waste-into-oil","status":"publish","type":"post","link":"https:\/\/packaging-journal.de\/en\/carboliq-verwandelt-kunststoffabfaelle-in-oel\/","title":{"rendered":"Carboliq turns plastic waste into oil"},"content":{"rendered":"<div data-elementor-type=\"wp-post\" data-elementor-id=\"84980\" class=\"elementor elementor-84980\" data-elementor-post-type=\"post\">\n\t\t\t\t\t\t<section data-exad-particle-enable=\"false\" class=\"elementor-section elementor-top-section elementor-element elementor-element-606e530 elementor-section-boxed elementor-section-height-default elementor-section-height-default exad-parallax-effect-no exad-background-color-change-no exad-glass-effect-no exad-sticky-section-no\" data-id=\"606e530\" data-element_type=\"section\" data-e-type=\"section\">\n\t\t\t\t\t\t<div class=\"elementor-container elementor-column-gap-default\">\n\t\t\t\t\t<div class=\"elementor-column elementor-col-100 elementor-top-column elementor-element elementor-element-73f67ab exad-glass-effect-no exad-sticky-section-no\" data-id=\"73f67ab\" data-element_type=\"column\" data-e-type=\"column\">\n\t\t\t<div class=\"elementor-widget-wrap elementor-element-populated\">\n\t\t\t\t\t\t<div class=\"elementor-element elementor-element-ae2d111 exad-sticky-section-no exad-glass-effect-no elementor-widget elementor-widget-text-editor\" data-id=\"ae2d111\" data-element_type=\"widget\" data-e-type=\"widget\" data-widget_type=\"text-editor.default\">\n\t\t\t\t<div class=\"elementor-widget-container\">\n\t\t\t\t\t\t\t\t\t<p><strong>Mixed and contaminated plastic waste is the biggest challenge for recycling. Carboliq is an industrial-scale process that converts plastic waste, for which incineration was previously the only disposal method, back into oil.<\/strong> <strong>The company of the same name operates a pilot plant in Ennigerloh and co-operates with S\u00fcdpack.<\/strong><\/p>\t\t\t\t\t\t\t\t<\/div>\n\t\t\t\t<\/div>\n\t\t\t\t\t<\/div>\n\t\t<\/div>\n\t\t\t\t\t<\/div>\n\t\t<\/section>\n\t\t\t\t<section data-exad-particle-enable=\"false\" class=\"elementor-section elementor-top-section elementor-element elementor-element-b6338a6 elementor-section-boxed elementor-section-height-default elementor-section-height-default exad-parallax-effect-no exad-background-color-change-no exad-glass-effect-no exad-sticky-section-no\" data-id=\"b6338a6\" data-element_type=\"section\" data-e-type=\"section\">\n\t\t\t\t\t\t<div class=\"elementor-container elementor-column-gap-default\">\n\t\t\t\t\t<div class=\"elementor-column elementor-col-100 elementor-top-column elementor-element elementor-element-a306654 exad-glass-effect-no exad-sticky-section-no\" data-id=\"a306654\" data-element_type=\"column\" data-e-type=\"column\">\n\t\t\t<div class=\"elementor-widget-wrap elementor-element-populated\">\n\t\t\t\t\t\t<div class=\"elementor-element elementor-element-395933b exad-sticky-section-no exad-glass-effect-no elementor-widget elementor-widget-text-editor\" data-id=\"395933b\" data-element_type=\"widget\" data-e-type=\"widget\" data-widget_type=\"text-editor.default\">\n\t\t\t\t<div class=\"elementor-widget-container\">\n\t\t\t\t\t\t\t\t\t<p>Chemical recycling can be an important building block for the circular economy and should always be used when <strong>can be used when mechanical recycling reaches its limits.<\/strong> S\u00fcdpack, the Swabian manufacturer of high-performance films for packaging food and medical products, agrees.<\/p><blockquote><p>\u201eMy father, company founder Alfred Remmele, already had the vision 20 years ago that chemical recycling could be a future technology for the utilisation of plastics that cannot be mechanically separated and recycled. As the technology was not yet fully developed at the time, this vision remained for the time being.\u201c\u00a0<\/p><p><strong>Johannes Remmele<\/strong>, S\u00fcdpack owner<\/p><\/blockquote><p>At that time, the company's portfolio consisted of far more composite films. In recent years, S\u00fcdpack has <strong>Although the proportion of recyclable monostructures has been greatly expanded<\/strong>, Nevertheless, composite films are still indispensable for many applications. \u201eThe much-discussed \u201awaste problem\u2018 that is commonly generated by the production of this packaging is only one aspect - and does not go far enough,\u201c says Johannes Remmele. \u201eS\u00fcdpack does not produce waste, but high-quality functional films that make a significant contribution to the protection of food and pharmaceuticals. <strong>Films only become waste if suitable systems cannot be set up<\/strong>, with which these materials can be recycled. And precisely for this <strong>is chemical recycling as a complementary technology<\/strong> an essential building block.\u201c<\/p><div class=\"packa-in-post-alle\" style=\"text-align: center;\" id=\"packa-4074871618\"><div id=\"packa-1751263586\"><a data-no-instant=\"1\" href=\"https:\/\/packaging-journal.de\/en\/newsletter\/\" rel=\"noopener\" class=\"a2t-link\" target=\"_blank\" aria-label=\"PJ Self-promotion English 03\"><!--noptimize--><img src=\"https:\/\/packaging-journal.de\/wp-content\/uploads\/2026\/01\/PJ-Eigenwerbung-English-03.png\" alt=\"\"  srcset=\"https:\/\/packaging-journal.de\/wp-content\/uploads\/2026\/01\/PJ-Eigenwerbung-English-03.png 840w, https:\/\/packaging-journal.de\/wp-content\/uploads\/2026\/01\/PJ-Eigenwerbung-English-03-300x75.png 300w, https:\/\/packaging-journal.de\/wp-content\/uploads\/2026\/01\/PJ-Eigenwerbung-English-03-768x192.png 768w, https:\/\/packaging-journal.de\/wp-content\/uploads\/2026\/01\/PJ-Eigenwerbung-English-03-18x5.png 18w, https:\/\/packaging-journal.de\/wp-content\/uploads\/2026\/01\/PJ-Eigenwerbung-English-03-332x83.png 332w, https:\/\/packaging-journal.de\/wp-content\/uploads\/2026\/01\/PJ-Eigenwerbung-English-03-664x166.png 664w, https:\/\/packaging-journal.de\/wp-content\/uploads\/2026\/01\/PJ-Eigenwerbung-English-03-688x172.png 688w\" sizes=\"(max-width: 840px) 100vw, 840px\" width=\"840\" height=\"210\"  style=\" max-width: 100%; height: auto;\" \/><!--\/noptimize--><\/a><\/div><\/div>\t\t\t\t\t\t\t\t<\/div>\n\t\t\t\t<\/div>\n\t\t\t\t\t<\/div>\n\t\t<\/div>\n\t\t\t\t\t<\/div>\n\t\t<\/section>\n\t\t\t\t<section data-exad-particle-enable=\"false\" class=\"elementor-section elementor-top-section elementor-element elementor-element-596b793 elementor-section-boxed elementor-section-height-default elementor-section-height-default exad-parallax-effect-no exad-background-color-change-no exad-glass-effect-no exad-sticky-section-no\" data-id=\"596b793\" data-element_type=\"section\" data-e-type=\"section\">\n\t\t\t\t\t\t<div class=\"elementor-container elementor-column-gap-default\">\n\t\t\t\t\t<div class=\"elementor-column elementor-col-100 elementor-top-column elementor-element elementor-element-77d7c7f exad-glass-effect-no exad-sticky-section-no\" data-id=\"77d7c7f\" data-element_type=\"column\" data-e-type=\"column\">\n\t\t\t<div class=\"elementor-widget-wrap elementor-element-populated\">\n\t\t\t\t\t\t<div class=\"elementor-element elementor-element-b34a14c exad-sticky-section-no exad-glass-effect-no elementor-widget elementor-widget-heading\" data-id=\"b34a14c\" data-element_type=\"widget\" data-e-type=\"widget\" data-widget_type=\"heading.default\">\n\t\t\t\t<div class=\"elementor-widget-container\">\n\t\t\t\t\t<h2 class=\"elementor-heading-title elementor-size-default\">Sustainable technology<\/h2>\t\t\t\t<\/div>\n\t\t\t\t<\/div>\n\t\t\t\t\t<\/div>\n\t\t<\/div>\n\t\t\t\t\t<\/div>\n\t\t<\/section>\n\t\t\t\t<section data-exad-particle-enable=\"false\" class=\"elementor-section elementor-top-section elementor-element elementor-element-9beb4c6 elementor-section-boxed elementor-section-height-default elementor-section-height-default exad-parallax-effect-no exad-background-color-change-no exad-glass-effect-no exad-sticky-section-no\" data-id=\"9beb4c6\" data-element_type=\"section\" data-e-type=\"section\">\n\t\t\t\t\t\t<div class=\"elementor-container elementor-column-gap-default\">\n\t\t\t\t\t<div class=\"elementor-column elementor-col-100 elementor-top-column elementor-element elementor-element-3c38e62 exad-glass-effect-no exad-sticky-section-no\" data-id=\"3c38e62\" data-element_type=\"column\" data-e-type=\"column\">\n\t\t\t<div class=\"elementor-widget-wrap elementor-element-populated\">\n\t\t\t\t\t\t<div class=\"elementor-element elementor-element-262d381 exad-sticky-section-no exad-glass-effect-no elementor-widget elementor-widget-text-editor\" data-id=\"262d381\" data-element_type=\"widget\" data-e-type=\"widget\" data-widget_type=\"text-editor.default\">\n\t\t\t\t<div class=\"elementor-widget-container\">\n\t\t\t\t\t\t\t\t\t<p>S\u00fcdpack has therefore entered into a strategic cooperation with Carboliq, the chemical recycling division of the Remscheid-based company Recenso. The aim: to optimise the recycling plant operated in cooperation with the waste disposal company Ecowest in Ennigerloh, M\u00fcnsterland. <strong>Pilot plant for the oiling of plastic waste<\/strong> to recycle its own streams of recyclable materials generated during the production of packaging film. The cooperation project has already shown how a plant needs to be designed in order to process the different fractions so that they do not have to be sent for thermal utilisation.<\/p><blockquote><p>\u201eFrom today's perspective, Carboliq is a unique and, above all, sustainable technology - not only in terms of recycling options, but also in terms of energy efficiency and low emissions. This makes us the only manufacturer of flexible films that has direct access to capacities for chemical recycling. What's more, in combination with our site in Schwendi, which has capacities for mechanical processing, we are always able to use the technology that is better in terms of environmental impact and cost-effectiveness.\u201c<\/p><p><strong>Johannes Remmele<\/strong><\/p><\/blockquote><p>Dirk Hardow, Head of Business Unit Functional Films &amp; Compounds at S\u00fcdpack, is also convinced: \u201eIn the future, there will be <strong>only with mechanical and chemical recycling<\/strong> to close the loops for food packaging.\u201c In the course of the cooperation with Carboliq, it has already been possible to prove that the process can be used to successfully recycle multi-layer films. \u201e<strong>The technology is robust and ready for the market.<\/strong>\"<\/p><div id=\"packa-867795229\" class=\"packa-inhalt\"><!--noptimize--><script async src=\"https:\/\/pagead2.googlesyndication.com\/pagead\/js\/adsbygoogle.js?client=ca-pub-2686439340972671\" crossorigin=\"anonymous\"><\/script>\r\n<ins class=\"adsbygoogle\" style=\"display:block;text-align:center\" data-ad-layout=\"in-article\" data-ad-format=\"fluid\" data-ad-client=\"ca-pub-2686439340972671\" data-ad-slot=\"6171251825\"><\/ins>\r\n<script>\r\n     (adsbygoogle = window.adsbygoogle || []).push({});\r\n<\/script><!--\/noptimize--><\/div>\t\t\t\t\t\t\t\t<\/div>\n\t\t\t\t<\/div>\n\t\t\t\t\t<\/div>\n\t\t<\/div>\n\t\t\t\t\t<\/div>\n\t\t<\/section>\n\t\t\t\t<section data-exad-particle-enable=\"false\" class=\"elementor-section elementor-top-section elementor-element elementor-element-acce3c7 elementor-section-boxed elementor-section-height-default elementor-section-height-default exad-parallax-effect-no exad-background-color-change-no exad-glass-effect-no exad-sticky-section-no\" data-id=\"acce3c7\" data-element_type=\"section\" data-e-type=\"section\">\n\t\t\t\t\t\t<div class=\"elementor-container elementor-column-gap-default\">\n\t\t\t\t\t<div class=\"elementor-column elementor-col-100 elementor-top-column elementor-element elementor-element-ea1dfef exad-glass-effect-no exad-sticky-section-no\" data-id=\"ea1dfef\" data-element_type=\"column\" data-e-type=\"column\">\n\t\t\t<div class=\"elementor-widget-wrap elementor-element-populated\">\n\t\t\t\t\t\t<div class=\"elementor-element elementor-element-c6a6a3f exad-sticky-section-no exad-glass-effect-no elementor-widget elementor-widget-image\" data-id=\"c6a6a3f\" data-element_type=\"widget\" data-e-type=\"widget\" data-widget_type=\"image.default\">\n\t\t\t\t<div class=\"elementor-widget-container\">\n\t\t\t\t\t\t\t\t\t\t\t\t<figure class=\"wp-caption\">\n\t\t\t\t\t\t\t\t\t\t<img fetchpriority=\"high\" decoding=\"async\" width=\"769\" height=\"1024\" src=\"https:\/\/packaging-journal.de\/wp-content\/uploads\/2023\/08\/Christian-Haupts-mit-Kunststoffabfaellen-769x1024.jpg\" class=\"attachment-large size-large wp-image-84983\" alt=\"Carboliq Managing Director Christian Haupts shows the starting material for the recycling process. (Image: packaging journal)\" srcset=\"https:\/\/packaging-journal.de\/wp-content\/uploads\/2023\/08\/Christian-Haupts-mit-Kunststoffabfaellen-769x1024.jpg 769w, https:\/\/packaging-journal.de\/wp-content\/uploads\/2023\/08\/Christian-Haupts-mit-Kunststoffabfaellen-225x300.jpg 225w, https:\/\/packaging-journal.de\/wp-content\/uploads\/2023\/08\/Christian-Haupts-mit-Kunststoffabfaellen-768x1023.jpg 768w, https:\/\/packaging-journal.de\/wp-content\/uploads\/2023\/08\/Christian-Haupts-mit-Kunststoffabfaellen.jpg 1126w\" sizes=\"(max-width: 769px) 100vw, 769px\" \/>\t\t\t\t\t\t\t\t\t\t\t<figcaption class=\"widget-image-caption wp-caption-text\">Carboliq Managing Director Christian Haupts shows the starting material for the recycling process. (Image: packaging journal)<\/figcaption>\n\t\t\t\t\t\t\t\t\t\t<\/figure>\n\t\t\t\t\t\t\t\t\t<\/div>\n\t\t\t\t<\/div>\n\t\t\t\t\t<\/div>\n\t\t<\/div>\n\t\t\t\t\t<\/div>\n\t\t<\/section>\n\t\t\t\t<section data-exad-particle-enable=\"false\" class=\"elementor-section elementor-top-section elementor-element elementor-element-28eebca elementor-section-boxed elementor-section-height-default elementor-section-height-default exad-parallax-effect-no exad-background-color-change-no exad-glass-effect-no exad-sticky-section-no\" data-id=\"28eebca\" data-element_type=\"section\" data-e-type=\"section\">\n\t\t\t\t\t\t<div class=\"elementor-container elementor-column-gap-default\">\n\t\t\t\t\t<div class=\"elementor-column elementor-col-100 elementor-top-column elementor-element elementor-element-d14d31f exad-glass-effect-no exad-sticky-section-no\" data-id=\"d14d31f\" data-element_type=\"column\" data-e-type=\"column\">\n\t\t\t<div class=\"elementor-widget-wrap elementor-element-populated\">\n\t\t\t\t\t\t<div class=\"elementor-element elementor-element-76fa6d2 exad-sticky-section-no exad-glass-effect-no elementor-widget elementor-widget-heading\" data-id=\"76fa6d2\" data-element_type=\"widget\" data-e-type=\"widget\" data-widget_type=\"heading.default\">\n\t\t\t\t<div class=\"elementor-widget-container\">\n\t\t\t\t\t<h2 class=\"elementor-heading-title elementor-size-default\">New plant planned near Cologne<\/h2>\t\t\t\t<\/div>\n\t\t\t\t<\/div>\n\t\t\t\t\t<\/div>\n\t\t<\/div>\n\t\t\t\t\t<\/div>\n\t\t<\/section>\n\t\t\t\t<section data-exad-particle-enable=\"false\" class=\"elementor-section elementor-top-section elementor-element elementor-element-88a8c54 elementor-section-boxed elementor-section-height-default elementor-section-height-default exad-parallax-effect-no exad-background-color-change-no exad-glass-effect-no exad-sticky-section-no\" data-id=\"88a8c54\" data-element_type=\"section\" data-e-type=\"section\">\n\t\t\t\t\t\t<div class=\"elementor-container elementor-column-gap-default\">\n\t\t\t\t\t<div class=\"elementor-column elementor-col-100 elementor-top-column elementor-element elementor-element-637ad44 exad-glass-effect-no exad-sticky-section-no\" data-id=\"637ad44\" data-element_type=\"column\" data-e-type=\"column\">\n\t\t\t<div class=\"elementor-widget-wrap elementor-element-populated\">\n\t\t\t\t\t\t<div class=\"elementor-element elementor-element-c00f461 exad-sticky-section-no exad-glass-effect-no elementor-widget elementor-widget-text-editor\" data-id=\"c00f461\" data-element_type=\"widget\" data-e-type=\"widget\" data-widget_type=\"text-editor.default\">\n\t\t\t\t<div class=\"elementor-widget-container\">\n\t\t\t\t\t\t\t\t\t<p>In the material recycling process of direct oiling, the waste material is liquefied in a single-stage process<strong> At process temperatures below 400 \u00b0C, the process achieves a high oil yield<\/strong>. The Carboliq process is operated by means of friction, i.e. frictional heat. Special rotating units were developed for this purpose, which transfer the required energy directly into the material. This circulates in the reactor until the chain lengths are so short that the material is vaporised. The vapours are condensed and the condensate is fed into an oil-water separator for phase separation. Carboliq then markets the liquid product <strong>under the name CLR (Circular Liquid Resource)<\/strong>.<\/p><p>The pilot plant in Ennigerloh has been approved as a recycling plant for fully continuous operation and has been certified in accordance with the ISCC-Plus sustainability criteria since March 2021. And Carboliq already has further plans.<\/p><blockquote><p>\u201eAn investment decision for the construction of a new plant south of Cologne is expected to be made soon. It will be designed for a capacity of 10,000 tonnes of output per year and the first products will be launched on the market in 2025.\u201c<\/p><p><strong>Christian Haupts<\/strong>, CEO Carboliq<\/p><\/blockquote><p>The Carboliq Managing Director calculates: \u201eIn Germany alone, more than six million tonnes of plastic waste are generated and treated every year. Statistically, around half of this is utilised for energy and materials. Even if only half of the plastics destined for incineration are recycled using the Carboliq process, <strong>the recycling rate for plastics increases by more than 50 per cent<\/strong>, the CO<sub>2<\/sub>-emissions from combustion are reduced by more than 40 per cent and there is a revenue potential of more than two billion euros from the sale of CLR.\u201c<\/p>\t\t\t\t\t\t\t\t<\/div>\n\t\t\t\t<\/div>\n\t\t\t\t\t<\/div>\n\t\t<\/div>\n\t\t\t\t\t<\/div>\n\t\t<\/section>\n\t\t\t\t<section data-exad-particle-enable=\"false\" class=\"elementor-section elementor-top-section elementor-element elementor-element-5a6de5f elementor-section-boxed elementor-section-height-default elementor-section-height-default exad-parallax-effect-no exad-background-color-change-no exad-glass-effect-no exad-sticky-section-no\" data-id=\"5a6de5f\" data-element_type=\"section\" data-e-type=\"section\">\n\t\t\t\t\t\t<div class=\"elementor-container elementor-column-gap-default\">\n\t\t\t\t\t<div class=\"elementor-column elementor-col-100 elementor-top-column elementor-element elementor-element-26a2a31 exad-glass-effect-no exad-sticky-section-no\" data-id=\"26a2a31\" data-element_type=\"column\" data-e-type=\"column\">\n\t\t\t<div class=\"elementor-widget-wrap elementor-element-populated\">\n\t\t\t\t\t\t<div class=\"elementor-element elementor-element-bb50b53 exad-sticky-section-no exad-glass-effect-no elementor-widget elementor-widget-image\" data-id=\"bb50b53\" data-element_type=\"widget\" data-e-type=\"widget\" data-widget_type=\"image.default\">\n\t\t\t\t<div class=\"elementor-widget-container\">\n\t\t\t\t\t\t\t\t\t\t\t\t<figure class=\"wp-caption\">\n\t\t\t\t\t\t\t\t\t\t<img decoding=\"async\" width=\"1024\" height=\"768\" src=\"https:\/\/packaging-journal.de\/wp-content\/uploads\/2023\/08\/20230215_154520-1024x768.jpg\" class=\"attachment-large size-large wp-image-84984\" alt=\"\" srcset=\"https:\/\/packaging-journal.de\/wp-content\/uploads\/2023\/08\/20230215_154520-1024x768.jpg 1024w, https:\/\/packaging-journal.de\/wp-content\/uploads\/2023\/08\/20230215_154520-300x225.jpg 300w, https:\/\/packaging-journal.de\/wp-content\/uploads\/2023\/08\/20230215_154520-768x576.jpg 768w, https:\/\/packaging-journal.de\/wp-content\/uploads\/2023\/08\/20230215_154520-1536x1152.jpg 1536w, https:\/\/packaging-journal.de\/wp-content\/uploads\/2023\/08\/20230215_154520-1320x990.jpg 1320w, https:\/\/packaging-journal.de\/wp-content\/uploads\/2023\/08\/20230215_154520.jpg 2000w\" sizes=\"(max-width: 1024px) 100vw, 1024px\" \/>\t\t\t\t\t\t\t\t\t\t\t<figcaption class=\"widget-image-caption wp-caption-text\">At the end of the process is oil that can be processed in petrochemical plants. (Image: packaging journal)<\/figcaption>\n\t\t\t\t\t\t\t\t\t\t<\/figure>\n\t\t\t\t\t\t\t\t\t<\/div>\n\t\t\t\t<\/div>\n\t\t\t\t\t<\/div>\n\t\t<\/div>\n\t\t\t\t\t<\/div>\n\t\t<\/section>\n\t\t\t\t<section data-exad-particle-enable=\"false\" class=\"elementor-section elementor-top-section elementor-element elementor-element-d78084a elementor-section-boxed elementor-section-height-default elementor-section-height-default exad-parallax-effect-no exad-background-color-change-no exad-glass-effect-no exad-sticky-section-no\" data-id=\"d78084a\" data-element_type=\"section\" data-e-type=\"section\">\n\t\t\t\t\t\t<div class=\"elementor-container elementor-column-gap-default\">\n\t\t\t\t\t<div class=\"elementor-column elementor-col-100 elementor-top-column elementor-element elementor-element-5f6ec0a exad-glass-effect-no exad-sticky-section-no\" data-id=\"5f6ec0a\" data-element_type=\"column\" data-e-type=\"column\">\n\t\t\t<div class=\"elementor-widget-wrap elementor-element-populated\">\n\t\t\t\t\t\t<div class=\"elementor-element elementor-element-4b912e4 exad-sticky-section-no exad-glass-effect-no elementor-widget elementor-widget-heading\" data-id=\"4b912e4\" data-element_type=\"widget\" data-e-type=\"widget\" data-widget_type=\"heading.default\">\n\t\t\t\t<div class=\"elementor-widget-container\">\n\t\t\t\t\t<h2 class=\"elementor-heading-title elementor-size-default\">Chemical recycling offers many possibilities<\/h2>\t\t\t\t<\/div>\n\t\t\t\t<\/div>\n\t\t\t\t\t<\/div>\n\t\t<\/div>\n\t\t\t\t\t<\/div>\n\t\t<\/section>\n\t\t\t\t<section data-exad-particle-enable=\"false\" class=\"elementor-section elementor-top-section elementor-element elementor-element-d38d18c elementor-section-boxed elementor-section-height-default elementor-section-height-default exad-parallax-effect-no exad-background-color-change-no exad-glass-effect-no exad-sticky-section-no\" data-id=\"d38d18c\" data-element_type=\"section\" data-e-type=\"section\">\n\t\t\t\t\t\t<div class=\"elementor-container elementor-column-gap-default\">\n\t\t\t\t\t<div class=\"elementor-column elementor-col-100 elementor-top-column elementor-element elementor-element-e7fb0f5 exad-glass-effect-no exad-sticky-section-no\" data-id=\"e7fb0f5\" data-element_type=\"column\" data-e-type=\"column\">\n\t\t\t<div class=\"elementor-widget-wrap elementor-element-populated\">\n\t\t\t\t\t\t<div class=\"elementor-element elementor-element-8ae736f exad-sticky-section-no exad-glass-effect-no elementor-widget elementor-widget-text-editor\" data-id=\"8ae736f\" data-element_type=\"widget\" data-e-type=\"widget\" data-widget_type=\"text-editor.default\">\n\t\t\t\t<div class=\"elementor-widget-container\">\n\t\t\t\t\t\t\t\t\t<p>The technology is highly tolerant of impurities and mixtures of varieties. The Carboliq process is therefore suitable for a wide range of applications,<strong> also contaminated, mixed or other plastics<\/strong>. The same applies to flexible packaging and the recycling of highly complex multi-layer films made from several types of plastic, which are commonly used in the food industry in particular. \u201eCompared to mechanical recycling<strong> chemical recycling therefore offers significantly more opportunities<\/strong>, as it aims to recover the valuable components through thermal decomposition. However, we need to know the composition of the feed in order to optimise the operation of a plant and ultimately obtain material that can be processed in large-scale chemical industrial plants such as a cracker,\u201c says Christian Haupts.<\/p>\t\t\t\t\t\t\t\t<\/div>\n\t\t\t\t<\/div>\n\t\t\t\t\t<\/div>\n\t\t<\/div>\n\t\t\t\t\t<\/div>\n\t\t<\/section>\n\t\t\t\t<section data-exad-particle-enable=\"false\" class=\"elementor-section elementor-top-section elementor-element elementor-element-51847799 elementor-section-boxed elementor-section-height-default elementor-section-height-default exad-parallax-effect-no exad-background-color-change-no exad-glass-effect-no exad-sticky-section-no\" data-id=\"51847799\" data-element_type=\"section\" data-e-type=\"section\" data-settings=\"{&quot;background_background&quot;:&quot;classic&quot;}\">\n\t\t\t\t\t\t<div class=\"elementor-container elementor-column-gap-default\">\n\t\t\t\t\t<div class=\"elementor-column elementor-col-100 elementor-top-column elementor-element elementor-element-54479ed2 exad-glass-effect-no exad-sticky-section-no\" data-id=\"54479ed2\" data-element_type=\"column\" data-e-type=\"column\">\n\t\t\t<div class=\"elementor-widget-wrap elementor-element-populated\">\n\t\t\t\t\t\t<div class=\"elementor-element elementor-element-40ee9354 exad-sticky-section-no exad-glass-effect-no elementor-widget elementor-widget-heading\" data-id=\"40ee9354\" data-element_type=\"widget\" data-e-type=\"widget\" data-widget_type=\"heading.default\">\n\t\t\t\t<div class=\"elementor-widget-container\">\n\t\t\t\t\t<h2 class=\"elementor-heading-title elementor-size-default\">Recycling - More news<\/h2>\t\t\t\t<\/div>\n\t\t\t\t<\/div>\n\t\t\t\t<div class=\"elementor-element elementor-element-de5110 elementor-grid-3 elementor-grid-tablet-2 elementor-grid-mobile-1 elementor-posts--thumbnail-top elementor-posts__hover-gradient exad-sticky-section-no exad-glass-effect-no elementor-widget elementor-widget-posts\" data-id=\"de5110\" data-element_type=\"widget\" data-e-type=\"widget\" data-settings=\"{&quot;cards_row_gap&quot;:{&quot;unit&quot;:&quot;px&quot;,&quot;size&quot;:38,&quot;sizes&quot;:[]},&quot;cards_columns&quot;:&quot;3&quot;,&quot;cards_columns_tablet&quot;:&quot;2&quot;,&quot;cards_columns_mobile&quot;:&quot;1&quot;,&quot;cards_row_gap_tablet&quot;:{&quot;unit&quot;:&quot;px&quot;,&quot;size&quot;:&quot;&quot;,&quot;sizes&quot;:[]},&quot;cards_row_gap_mobile&quot;:{&quot;unit&quot;:&quot;px&quot;,&quot;size&quot;:&quot;&quot;,&quot;sizes&quot;:[]}}\" data-widget_type=\"posts.cards\">\n\t\t\t\t<div class=\"elementor-widget-container\">\n\t\t\t\t\t\t\t<div class=\"elementor-posts-container elementor-posts elementor-posts--skin-cards elementor-grid\" role=\"list\">\n\t\t\t\t<article class=\"elementor-post elementor-grid-item post-115246 post type-post status-publish format-standard has-post-thumbnail category-aus-dem-magazin category-green-packaging tag-abfalltechnik-und-recycling tag-kunststoff-und-verbunde tag-magazin-02-2026 tag-nachhaltigkeit-und-green-packaging tag-packmittel-und-packstoffe tag-pharma-kosmetik-chemie tag-werner-mertz cs-entry cs-video-wrap\" role=\"listitem\">\n\t\t\t<div class=\"elementor-post__card\">\n\t\t\t\t<a class=\"elementor-post__thumbnail__link\" href=\"https:\/\/packaging-journal.de\/en\/women-in-packaging-nachhaltige-verpackungen\/\" tabindex=\"-1\" ><div class=\"elementor-post__thumbnail\"><img decoding=\"async\" width=\"300\" height=\"163\" src=\"https:\/\/packaging-journal.de\/wp-content\/uploads\/2026\/04\/wernermertz-julia-knobloch-300x163.jpg\" class=\"attachment-medium size-medium wp-image-115247\" alt=\"\" srcset=\"https:\/\/packaging-journal.de\/wp-content\/uploads\/2026\/04\/wernermertz-julia-knobloch-300x163.jpg 300w, https:\/\/packaging-journal.de\/wp-content\/uploads\/2026\/04\/wernermertz-julia-knobloch-1024x555.jpg 1024w, https:\/\/packaging-journal.de\/wp-content\/uploads\/2026\/04\/wernermertz-julia-knobloch-768x416.jpg 768w, https:\/\/packaging-journal.de\/wp-content\/uploads\/2026\/04\/wernermertz-julia-knobloch-18x10.jpg 18w, https:\/\/packaging-journal.de\/wp-content\/uploads\/2026\/04\/wernermertz-julia-knobloch-332x180.jpg 332w, https:\/\/packaging-journal.de\/wp-content\/uploads\/2026\/04\/wernermertz-julia-knobloch-664x360.jpg 664w, https:\/\/packaging-journal.de\/wp-content\/uploads\/2026\/04\/wernermertz-julia-knobloch-688x373.jpg 688w, https:\/\/packaging-journal.de\/wp-content\/uploads\/2026\/04\/wernermertz-julia-knobloch-1044x566.jpg 1044w, https:\/\/packaging-journal.de\/wp-content\/uploads\/2026\/04\/wernermertz-julia-knobloch.jpg 1200w\" sizes=\"(max-width: 300px) 100vw, 300px\" \/><\/div><\/a>\n\t\t\t\t<div class=\"elementor-post__text\">\n\t\t\t\t<h3 class=\"elementor-post__title\">\n\t\t\t<a href=\"https:\/\/packaging-journal.de\/en\/women-in-packaging-nachhaltige-verpackungen\/\" >\n\t\t\t\tWomen in Packaging: Shaping Sustainable Packaging\t\t\t<\/a>\n\t\t<\/h3>\n\t\t\t\t<div class=\"elementor-post__excerpt\">\n\t\t\tAs a packaging developer, Julia Knobloch has been instrumental in the development of sustainable packaging solutions at Werner &amp; Mertz for two years.\t\t<\/div>\n\t\t\n\t\t<a class=\"elementor-post__read-more\" href=\"https:\/\/packaging-journal.de\/en\/women-in-packaging-nachhaltige-verpackungen\/\" aria-label=\"Read more about Women in Packaging: Shaping sustainable packaging\" tabindex=\"-1\" >\n\t\t\tRead more \"\t\t<\/a>\n\n\t\t\t\t<\/div>\n\t\t\t\t\t<\/div>\n\t\t<\/article>\n\t\t\t\t<article class=\"elementor-post elementor-grid-item post-115234 post type-post status-publish format-standard has-post-thumbnail category-green-packaging tag-abfalltechnik-und-recycling tag-bde tag-nachhaltigkeit-und-green-packaging tag-packmittel-und-packstoffe cs-entry cs-video-wrap\" role=\"listitem\">\n\t\t\t<div class=\"elementor-post__card\">\n\t\t\t\t<a class=\"elementor-post__thumbnail__link\" href=\"https:\/\/packaging-journal.de\/en\/transformationsbooster-fuer-kreislaufwirtschaft\/\" tabindex=\"-1\" ><div class=\"elementor-post__thumbnail\"><img loading=\"lazy\" decoding=\"async\" width=\"300\" height=\"200\" src=\"https:\/\/packaging-journal.de\/wp-content\/uploads\/2024\/12\/kreislaufwirtschaft-300x200.jpg\" class=\"attachment-medium size-medium wp-image-97648\" alt=\"\" srcset=\"https:\/\/packaging-journal.de\/wp-content\/uploads\/2024\/12\/kreislaufwirtschaft-300x200.jpg 300w, https:\/\/packaging-journal.de\/wp-content\/uploads\/2024\/12\/kreislaufwirtschaft-1024x683.jpg 1024w, https:\/\/packaging-journal.de\/wp-content\/uploads\/2024\/12\/kreislaufwirtschaft-768x512.jpg 768w, https:\/\/packaging-journal.de\/wp-content\/uploads\/2024\/12\/kreislaufwirtschaft.jpg 1200w\" sizes=\"(max-width: 300px) 100vw, 300px\" \/><\/div><\/a>\n\t\t\t\t<div class=\"elementor-post__text\">\n\t\t\t\t<h3 class=\"elementor-post__title\">\n\t\t\t<a href=\"https:\/\/packaging-journal.de\/en\/transformationsbooster-fuer-kreislaufwirtschaft\/\" >\n\t\t\t\tAlliance calls for transformation booster for the circular economy\t\t\t<\/a>\n\t\t<\/h3>\n\t\t\t\t<div class=\"elementor-post__excerpt\">\n\t\t\tAn industry alliance is urging for political measures to strengthen the circular economy. This is intended to secure jobs and make the industry fit for the future.\t\t<\/div>\n\t\t\n\t\t<a class=\"elementor-post__read-more\" href=\"https:\/\/packaging-journal.de\/en\/transformationsbooster-fuer-kreislaufwirtschaft\/\" aria-label=\"Read more about Alliance calls for transformation booster for the circular economy\" tabindex=\"-1\" >\n\t\t\tRead more \"\t\t<\/a>\n\n\t\t\t\t<\/div>\n\t\t\t\t\t<\/div>\n\t\t<\/article>\n\t\t\t\t<article class=\"elementor-post elementor-grid-item post-115228 post type-post status-publish format-standard has-post-thumbnail category-green-packaging tag-abfalltechnik-und-recycling tag-kunststoff-und-verbunde tag-nachhaltigkeit-und-green-packaging tag-packmittel-und-packstoffe tag-werner-mertz cs-entry cs-video-wrap\" role=\"listitem\">\n\t\t\t<div class=\"elementor-post__card\">\n\t\t\t\t<a class=\"elementor-post__thumbnail__link\" href=\"https:\/\/packaging-journal.de\/en\/kreislaufwirtschaft-fuer-energiesouveraenitaet\/\" tabindex=\"-1\" ><div class=\"elementor-post__thumbnail\"><img loading=\"lazy\" decoding=\"async\" width=\"300\" height=\"163\" src=\"https:\/\/packaging-journal.de\/wp-content\/uploads\/2026\/04\/wernermertz-flaschen-300x163.jpg\" class=\"attachment-medium size-medium wp-image-115230\" alt=\"\" srcset=\"https:\/\/packaging-journal.de\/wp-content\/uploads\/2026\/04\/wernermertz-flaschen-300x163.jpg 300w, https:\/\/packaging-journal.de\/wp-content\/uploads\/2026\/04\/wernermertz-flaschen-1024x555.jpg 1024w, https:\/\/packaging-journal.de\/wp-content\/uploads\/2026\/04\/wernermertz-flaschen-768x416.jpg 768w, https:\/\/packaging-journal.de\/wp-content\/uploads\/2026\/04\/wernermertz-flaschen-18x10.jpg 18w, https:\/\/packaging-journal.de\/wp-content\/uploads\/2026\/04\/wernermertz-flaschen-332x180.jpg 332w, https:\/\/packaging-journal.de\/wp-content\/uploads\/2026\/04\/wernermertz-flaschen-664x360.jpg 664w, https:\/\/packaging-journal.de\/wp-content\/uploads\/2026\/04\/wernermertz-flaschen-688x373.jpg 688w, https:\/\/packaging-journal.de\/wp-content\/uploads\/2026\/04\/wernermertz-flaschen-1044x566.jpg 1044w, https:\/\/packaging-journal.de\/wp-content\/uploads\/2026\/04\/wernermertz-flaschen.jpg 1200w\" sizes=\"(max-width: 300px) 100vw, 300px\" \/><\/div><\/a>\n\t\t\t\t<div class=\"elementor-post__text\">\n\t\t\t\t<h3 class=\"elementor-post__title\">\n\t\t\t<a href=\"https:\/\/packaging-journal.de\/en\/kreislaufwirtschaft-fuer-energiesouveraenitaet\/\" >\n\t\t\t\tWerner &amp; Mertz: A Circular Economy Brings Independence and Security\t\t\t<\/a>\n\t\t<\/h3>\n\t\t\t\t<div class=\"elementor-post__excerpt\">\n\t\t\tThe circular economy is gaining importance as a strategy for energy sovereignty and security. Werner &amp; Mertz demonstrates how companies can achieve economic stability through sustainable practices.\t\t<\/div>\n\t\t\n\t\t<a class=\"elementor-post__read-more\" href=\"https:\/\/packaging-journal.de\/en\/kreislaufwirtschaft-fuer-energiesouveraenitaet\/\" aria-label=\"Read more about Werner &amp; Mertz: Circular economy brings independence and security\" tabindex=\"-1\" >\n\t\t\tRead more \"\t\t<\/a>\n\n\t\t\t\t<\/div>\n\t\t\t\t\t<\/div>\n\t\t<\/article>\n\t\t\t\t<article class=\"elementor-post elementor-grid-item post-115032 post type-post status-publish format-standard has-post-thumbnail category-green-packaging tag-abfalltechnik-und-recycling tag-initiative-natuerliche-kreislaufwirtschaft tag-kunststoff-und-verbunde tag-nachhaltigkeit-und-green-packaging cs-entry cs-video-wrap\" role=\"listitem\">\n\t\t\t<div class=\"elementor-post__card\">\n\t\t\t\t<a class=\"elementor-post__thumbnail__link\" href=\"https:\/\/packaging-journal.de\/en\/forschungsprojekt-kompostierbare-kunststoffe\/\" tabindex=\"-1\" ><div class=\"elementor-post__thumbnail\"><img loading=\"lazy\" decoding=\"async\" width=\"300\" height=\"163\" src=\"https:\/\/packaging-journal.de\/wp-content\/uploads\/2026\/04\/forschungsprojekt-kunststoffkompostierung-300x163.jpg\" class=\"attachment-medium size-medium wp-image-115034\" alt=\"\" srcset=\"https:\/\/packaging-journal.de\/wp-content\/uploads\/2026\/04\/forschungsprojekt-kunststoffkompostierung-300x163.jpg 300w, https:\/\/packaging-journal.de\/wp-content\/uploads\/2026\/04\/forschungsprojekt-kunststoffkompostierung-1024x555.jpg 1024w, https:\/\/packaging-journal.de\/wp-content\/uploads\/2026\/04\/forschungsprojekt-kunststoffkompostierung-768x416.jpg 768w, https:\/\/packaging-journal.de\/wp-content\/uploads\/2026\/04\/forschungsprojekt-kunststoffkompostierung-18x10.jpg 18w, https:\/\/packaging-journal.de\/wp-content\/uploads\/2026\/04\/forschungsprojekt-kunststoffkompostierung-332x180.jpg 332w, https:\/\/packaging-journal.de\/wp-content\/uploads\/2026\/04\/forschungsprojekt-kunststoffkompostierung-664x360.jpg 664w, https:\/\/packaging-journal.de\/wp-content\/uploads\/2026\/04\/forschungsprojekt-kunststoffkompostierung-688x373.jpg 688w, https:\/\/packaging-journal.de\/wp-content\/uploads\/2026\/04\/forschungsprojekt-kunststoffkompostierung-1044x566.jpg 1044w, https:\/\/packaging-journal.de\/wp-content\/uploads\/2026\/04\/forschungsprojekt-kunststoffkompostierung.jpg 1200w\" sizes=\"(max-width: 300px) 100vw, 300px\" \/><\/div><\/a>\n\t\t\t\t<div class=\"elementor-post__text\">\n\t\t\t\t<h3 class=\"elementor-post__title\">\n\t\t\t<a href=\"https:\/\/packaging-journal.de\/en\/forschungsprojekt-kompostierbare-kunststoffe\/\" >\n\t\t\t\tHow well do compostable films really break down in soil?\t\t\t<\/a>\n\t\t<\/h3>\n\t\t\t\t<div class=\"elementor-post__excerpt\">\n\t\t\tA German-Austrian project is investigating how compostable plastic films decompose in soil. The aim is to better understand the environmental compatibility of these materials.\t\t<\/div>\n\t\t\n\t\t<a class=\"elementor-post__read-more\" href=\"https:\/\/packaging-journal.de\/en\/forschungsprojekt-kompostierbare-kunststoffe\/\" aria-label=\"Read more about How well do compostable films really break down in soil?\" tabindex=\"-1\" >\n\t\t\tRead more \"\t\t<\/a>\n\n\t\t\t\t<\/div>\n\t\t\t\t\t<\/div>\n\t\t<\/article>\n\t\t\t\t<article class=\"elementor-post elementor-grid-item post-114895 post type-post status-publish format-standard has-post-thumbnail category-sponsored-post tag-abfalltechnik-und-recycling tag-ballenpressen tag-hsm tag-papier-pappe-karton cs-entry cs-video-wrap\" role=\"listitem\">\n\t\t\t<div class=\"elementor-post__card\">\n\t\t\t\t<a class=\"elementor-post__thumbnail__link\" href=\"https:\/\/packaging-journal.de\/en\/ballenpressen-effiziente-entsorgungs-und-recyclingloesungen-fuer-die-verpackungsindustrie\/\" tabindex=\"-1\" ><div class=\"elementor-post__thumbnail\"><img loading=\"lazy\" decoding=\"async\" width=\"300\" height=\"169\" src=\"https:\/\/packaging-journal.de\/wp-content\/uploads\/2026\/04\/1776412522671_Truck_loading-300x169.jpg\" class=\"attachment-medium size-medium wp-image-114897\" alt=\"\" srcset=\"https:\/\/packaging-journal.de\/wp-content\/uploads\/2026\/04\/1776412522671_Truck_loading-300x169.jpg 300w, https:\/\/packaging-journal.de\/wp-content\/uploads\/2026\/04\/1776412522671_Truck_loading-1024x576.jpg 1024w, https:\/\/packaging-journal.de\/wp-content\/uploads\/2026\/04\/1776412522671_Truck_loading-768x432.jpg 768w, https:\/\/packaging-journal.de\/wp-content\/uploads\/2026\/04\/1776412522671_Truck_loading-18x10.jpg 18w, https:\/\/packaging-journal.de\/wp-content\/uploads\/2026\/04\/1776412522671_Truck_loading-332x187.jpg 332w, https:\/\/packaging-journal.de\/wp-content\/uploads\/2026\/04\/1776412522671_Truck_loading-664x374.jpg 664w, https:\/\/packaging-journal.de\/wp-content\/uploads\/2026\/04\/1776412522671_Truck_loading-688x387.jpg 688w, https:\/\/packaging-journal.de\/wp-content\/uploads\/2026\/04\/1776412522671_Truck_loading-1044x587.jpg 1044w, https:\/\/packaging-journal.de\/wp-content\/uploads\/2026\/04\/1776412522671_Truck_loading.jpg 1200w\" sizes=\"(max-width: 300px) 100vw, 300px\" \/><\/div><\/a>\n\t\t\t\t<div class=\"elementor-post__text\">\n\t\t\t\t<h3 class=\"elementor-post__title\">\n\t\t\t<a href=\"https:\/\/packaging-journal.de\/en\/ballenpressen-effiziente-entsorgungs-und-recyclingloesungen-fuer-die-verpackungsindustrie\/\" >\n\t\t\t\tBale presses: efficient disposal and recycling solutions for the packaging industry\t\t\t<\/a>\n\t\t<\/h3>\n\t\t\t\t<div class=\"elementor-post__excerpt\">\n\t\t\tPaper, cardboard, film: Packaging companies generate large quantities of cutting and production waste every day. How balers compact valuable materials directly at the point of origin, reduce transport costs, and increase recycling rates.\t\t<\/div>\n\t\t\n\t\t<a class=\"elementor-post__read-more\" href=\"https:\/\/packaging-journal.de\/en\/ballenpressen-effiziente-entsorgungs-und-recyclingloesungen-fuer-die-verpackungsindustrie\/\" aria-label=\"Read more about balers: efficient disposal and recycling solutions for the packaging industry\" tabindex=\"-1\" >\n\t\t\tRead more \"\t\t<\/a>\n\n\t\t\t\t<\/div>\n\t\t\t\t\t<\/div>\n\t\t<\/article>\n\t\t\t\t<article class=\"elementor-post elementor-grid-item post-114798 post type-post status-publish format-standard has-post-thumbnail category-packmittel-und-packstoffe tag-abfalltechnik-und-recycling tag-eu-verpackungsverordnung tag-verpackung tag-zsvr cs-entry cs-video-wrap\" role=\"listitem\">\n\t\t\t<div class=\"elementor-post__card\">\n\t\t\t\t<a class=\"elementor-post__thumbnail__link\" href=\"https:\/\/packaging-journal.de\/en\/europaeische-verpackungsverordnung-handel\/\" tabindex=\"-1\" ><div class=\"elementor-post__thumbnail\"><img loading=\"lazy\" decoding=\"async\" width=\"300\" height=\"188\" src=\"https:\/\/packaging-journal.de\/wp-content\/uploads\/2024\/05\/EU_PPWR-1280x800-1-300x188.jpg\" class=\"attachment-medium size-medium wp-image-92844\" alt=\"\" srcset=\"https:\/\/packaging-journal.de\/wp-content\/uploads\/2024\/05\/EU_PPWR-1280x800-1-300x188.jpg 300w, https:\/\/packaging-journal.de\/wp-content\/uploads\/2024\/05\/EU_PPWR-1280x800-1-1024x640.jpg 1024w, https:\/\/packaging-journal.de\/wp-content\/uploads\/2024\/05\/EU_PPWR-1280x800-1-768x480.jpg 768w, https:\/\/packaging-journal.de\/wp-content\/uploads\/2024\/05\/EU_PPWR-1280x800-1.jpg 1280w\" sizes=\"(max-width: 300px) 100vw, 300px\" \/><\/div><\/a>\n\t\t\t\t<div class=\"elementor-post__text\">\n\t\t\t\t<h3 class=\"elementor-post__title\">\n\t\t\t<a href=\"https:\/\/packaging-journal.de\/en\/europaeische-verpackungsverordnung-handel\/\" >\n\t\t\t\tZSVR: European Packaging Regulation shifts responsibility to retailers\t\t\t<\/a>\n\t\t<\/h3>\n\t\t\t\t<div class=\"elementor-post__excerpt\">\n\t\t\tFrom August 2026, trading companies will have to take responsibility for the recycling of own-brand and imported packaging. The European Packaging Regulation necessitates swift action.\t\t<\/div>\n\t\t\n\t\t<a class=\"elementor-post__read-more\" href=\"https:\/\/packaging-journal.de\/en\/europaeische-verpackungsverordnung-handel\/\" aria-label=\"Read more about ZSVR: European Packaging Ordinance shifts responsibility to retailers\" tabindex=\"-1\" >\n\t\t\tRead more \"\t\t<\/a>\n\n\t\t\t\t<\/div>\n\t\t\t\t\t<\/div>\n\t\t<\/article>\n\t\t\t\t<\/div>\n\t\t\n\t\t\t\t\t\t<\/div>\n\t\t\t\t<\/div>\n\t\t\t\t\t<\/div>\n\t\t<\/div>\n\t\t\t\t\t<\/div>\n\t\t<\/section>\n\t\t\t\t<\/div>","protected":false},"excerpt":{"rendered":"Carboliq is an industrial-scale process that converts mixed and contaminated plastic waste, for which incineration was previously the only disposal method, back into oil. The company of the same name operates a pilot plant in Ennigerloh and co-operates with S\u00fcdpack.","protected":false},"author":20,"featured_media":84989,"comment_status":"closed","ping_status":"closed","sticky":false,"template":"","format":"standard","meta":{"_acf_changed":false,"__cvm_playback_settings":[],"__cvm_video_id":"","rank_math_description":"Mit Carboliq ist ein Verfahren im gro\u00dftechnischen Einsatz, das gemischte, kontaminierte Kunststoffabf\u00e4lle, f\u00fcr bisher verbrannt wurden, wieder in \u00d6l umwandelt.","rank_math_focus_keyword":"Carboliq","rank_math_title":"","csco_display_header_overlay":false,"csco_singular_sidebar":"","csco_page_header_type":"","csco_page_load_nextpost":"","csco_post_video_location":[],"csco_post_video_location_hash":"","csco_post_video_url":"","csco_post_video_bg_start_time":0,"csco_post_video_bg_end_time":0,"footnotes":"","_links_to":"","_links_to_target":""},"categories":[28,58781],"tags":[65,43,60215,54,60189,57883],"class_list":{"0":"post-84980","1":"post","2":"type-post","3":"status-publish","4":"format-standard","5":"has-post-thumbnail","7":"category-aus-dem-magazin","8":"category-green-packaging","9":"tag-abfalltechnik-und-recycling","10":"tag-aus-den-unternehmen","11":"tag-carboliq","12":"tag-kunststoff-und-verbunde","13":"tag-magazin-07-2023","14":"tag-suedpack","15":"cs-entry","16":"cs-video-wrap"},"acf":[],"vimeo_video":null,"_links":{"self":[{"href":"https:\/\/packaging-journal.de\/en\/wp-json\/wp\/v2\/posts\/84980","targetHints":{"allow":["GET"]}}],"collection":[{"href":"https:\/\/packaging-journal.de\/en\/wp-json\/wp\/v2\/posts"}],"about":[{"href":"https:\/\/packaging-journal.de\/en\/wp-json\/wp\/v2\/types\/post"}],"author":[{"embeddable":true,"href":"https:\/\/packaging-journal.de\/en\/wp-json\/wp\/v2\/users\/20"}],"replies":[{"embeddable":true,"href":"https:\/\/packaging-journal.de\/en\/wp-json\/wp\/v2\/comments?post=84980"}],"version-history":[{"count":0,"href":"https:\/\/packaging-journal.de\/en\/wp-json\/wp\/v2\/posts\/84980\/revisions"}],"wp:featuredmedia":[{"embeddable":true,"href":"https:\/\/packaging-journal.de\/en\/wp-json\/wp\/v2\/media\/84989"}],"wp:attachment":[{"href":"https:\/\/packaging-journal.de\/en\/wp-json\/wp\/v2\/media?parent=84980"}],"wp:term":[{"taxonomy":"category","embeddable":true,"href":"https:\/\/packaging-journal.de\/en\/wp-json\/wp\/v2\/categories?post=84980"},{"taxonomy":"post_tag","embeddable":true,"href":"https:\/\/packaging-journal.de\/en\/wp-json\/wp\/v2\/tags?post=84980"}],"curies":[{"name":"wp","href":"https:\/\/api.w.org\/{rel}","templated":true}]}}