{"id":85004,"date":"2023-09-01T13:49:13","date_gmt":"2023-09-01T11:49:13","guid":{"rendered":"https:\/\/packaging-journal.de\/?p=85004"},"modified":"2023-09-01T13:49:13","modified_gmt":"2023-09-01T11:49:13","slug":"associations-demand-bridge-electricity-price","status":"publish","type":"post","link":"https:\/\/packaging-journal.de\/en\/verbaende-fordern-brueckenstrompreis\/","title":{"rendered":"Associations call for bridge electricity price for industry"},"content":{"rendered":"<div data-elementor-type=\"wp-post\" data-elementor-id=\"85004\" class=\"elementor elementor-85004\" data-elementor-post-type=\"post\">\n\t\t\t\t\t\t<section data-exad-particle-enable=\"false\" class=\"elementor-section elementor-top-section elementor-element elementor-element-2a4b97e elementor-section-boxed elementor-section-height-default elementor-section-height-default exad-parallax-effect-no exad-background-color-change-no exad-glass-effect-no exad-sticky-section-no\" data-id=\"2a4b97e\" data-element_type=\"section\" data-e-type=\"section\">\n\t\t\t\t\t\t<div class=\"elementor-container elementor-column-gap-default\">\n\t\t\t\t\t<div class=\"elementor-column elementor-col-100 elementor-top-column elementor-element elementor-element-8b2ecd9 exad-glass-effect-no exad-sticky-section-no\" data-id=\"8b2ecd9\" data-element_type=\"column\" data-e-type=\"column\">\n\t\t\t<div class=\"elementor-widget-wrap elementor-element-populated\">\n\t\t\t\t\t\t<div class=\"elementor-element elementor-element-66698cf exad-sticky-section-no exad-glass-effect-no elementor-widget elementor-widget-text-editor\" data-id=\"66698cf\" data-element_type=\"widget\" data-e-type=\"widget\" data-widget_type=\"text-editor.default\">\n\t\t\t\t<div class=\"elementor-widget-container\">\n\t\t\t\t\t\t\t\t\t<p><strong>The extremely high electricity costs in international comparison are pushing many German companies to the limits of their competitiveness. The industry association Plastics Europe Deutschland and the Alliance pro Br\u00fcckenstrompreis are therefore urgently calling for a temporary and fair bridge electricity price until sufficient quantities of renewable electricity are available.<\/strong><\/p>\t\t\t\t\t\t\t\t<\/div>\n\t\t\t\t<\/div>\n\t\t\t\t\t<\/div>\n\t\t<\/div>\n\t\t\t\t\t<\/div>\n\t\t<\/section>\n\t\t\t\t<section data-exad-particle-enable=\"false\" class=\"elementor-section elementor-top-section elementor-element elementor-element-14d9528 elementor-section-boxed elementor-section-height-default elementor-section-height-default exad-parallax-effect-no exad-background-color-change-no exad-glass-effect-no exad-sticky-section-no\" data-id=\"14d9528\" data-element_type=\"section\" data-e-type=\"section\">\n\t\t\t\t\t\t<div class=\"elementor-container elementor-column-gap-default\">\n\t\t\t\t\t<div class=\"elementor-column elementor-col-100 elementor-top-column elementor-element elementor-element-29c6634 exad-glass-effect-no exad-sticky-section-no\" data-id=\"29c6634\" data-element_type=\"column\" data-e-type=\"column\">\n\t\t\t<div class=\"elementor-widget-wrap elementor-element-populated\">\n\t\t\t\t\t\t<div class=\"elementor-element elementor-element-dc28bb7 exad-sticky-section-no exad-glass-effect-no elementor-widget elementor-widget-text-editor\" data-id=\"dc28bb7\" data-element_type=\"widget\" data-e-type=\"widget\" data-widget_type=\"text-editor.default\">\n\t\t\t\t<div class=\"elementor-widget-container\">\n\t\t\t\t\t\t\t\t\t<p>German industry is currently undergoing a fundamental and comprehensive transformation towards climate neutrality and a circular economy. Companies are replacing fossil fuels such as gas, coal and oil with electricity from renewable sources. They are focussing on converting and electrifying their production facilities. And they are working, for example<strong> in the plastics industry on product designs and technologies for more recycling and for more use of renewable raw materials<\/strong> - Recyclates, bioplastics, CO<sub>2 <\/sub>- for the production of plastics from non-fossil sources.<\/p><blockquote><p>\u201eThe goals are significantly greater independence from raw materials in geopolitically uncertain times, a resource-efficient economy with higher added value and decisive progress in climate protection. Only with a successful transformation will Germany be able to achieve these goals and thus remain internationally competitive and become a sustainable industrialised country.\u201c<\/p><p><strong>Dr Ralf D\u00fcssel,<\/strong> Chairman of Plastics Europe Germany<\/p><\/blockquote><p>According to the industry association, this competitiveness is acutely jeopardised during the transformation effort of all times. Even before the invasion of Ukraine, electricity costs for German companies were high by international standards. Since then, electricity costs have risen again and become increasingly volatile, pushing many companies - including those in the plastics industry - to the edge of their competitiveness: <strong>The increased import costs for natural gas and raw materials led to a decline in production of almost ten per cent in 2022<\/strong> and a significant increase in producer prices of over 23 per cent. A decline in production of ten per cent is also expected in 2023.<\/p><div class=\"packa-in-post-alle\" style=\"text-align: center;\" id=\"packa-1950717414\"><div id=\"packa-3562674886\"><a data-no-instant=\"1\" href=\"https:\/\/packaging-journal.de\/en\/newsletter\/\" rel=\"noopener\" class=\"a2t-link\" target=\"_blank\" aria-label=\"PJ Self-promotion English 03\"><!--noptimize--><img src=\"https:\/\/packaging-journal.de\/wp-content\/uploads\/2026\/01\/PJ-Eigenwerbung-English-03.png\" alt=\"\"  srcset=\"https:\/\/packaging-journal.de\/wp-content\/uploads\/2026\/01\/PJ-Eigenwerbung-English-03.png 840w, https:\/\/packaging-journal.de\/wp-content\/uploads\/2026\/01\/PJ-Eigenwerbung-English-03-300x75.png 300w, https:\/\/packaging-journal.de\/wp-content\/uploads\/2026\/01\/PJ-Eigenwerbung-English-03-768x192.png 768w, https:\/\/packaging-journal.de\/wp-content\/uploads\/2026\/01\/PJ-Eigenwerbung-English-03-18x5.png 18w, https:\/\/packaging-journal.de\/wp-content\/uploads\/2026\/01\/PJ-Eigenwerbung-English-03-332x83.png 332w, https:\/\/packaging-journal.de\/wp-content\/uploads\/2026\/01\/PJ-Eigenwerbung-English-03-664x166.png 664w, https:\/\/packaging-journal.de\/wp-content\/uploads\/2026\/01\/PJ-Eigenwerbung-English-03-688x172.png 688w\" sizes=\"(max-width: 840px) 100vw, 840px\" width=\"840\" height=\"210\"  style=\" max-width: 100%; height: auto;\" \/><!--\/noptimize--><\/a><\/div><\/div><p>According to Dr Ralf D\u00fcssel, the situation is serious: \u201e<strong>Forward-looking investment decisions are increasingly being made against German locations due to the cost of electricity<\/strong> and the necessary massive investments in the transition to a climate-neutral circular economy at a crucial phase of the transformation\u201c.<\/p><p>For Ingemar B\u00fchler, Managing Director of Plastics Europe Germany, a \u201erapid, ambitious and unbureaucratic expansion of renewable energies\u201c is needed. The required quantities of renewable electricity are important, but will only be available in a few years\u201e time. Ingemar B\u00fchler is therefore counting on \"politicians to recognise the urgent need for action in order to bring a highly innovative industry with hundreds of thousands of good jobs and a clear transformation course onto an equal footing internationally. <strong>With a fair, time-limited bridge electricity price, it can prevent the migration of investments that is currently taking place<\/strong> and ensure sustainable value creation in Germany\u201c.<\/p><div id=\"packa-1561127408\" class=\"packa-inhalt\"><!--noptimize--><script async src=\"https:\/\/pagead2.googlesyndication.com\/pagead\/js\/adsbygoogle.js?client=ca-pub-2686439340972671\" crossorigin=\"anonymous\"><\/script>\r\n<ins class=\"adsbygoogle\" style=\"display:block;text-align:center\" data-ad-layout=\"in-article\" data-ad-format=\"fluid\" data-ad-client=\"ca-pub-2686439340972671\" data-ad-slot=\"6171251825\"><\/ins>\r\n<script>\r\n     (adsbygoogle = window.adsbygoogle || []).push({});\r\n<\/script><!--\/noptimize--><\/div>\t\t\t\t\t\t\t\t<\/div>\n\t\t\t\t<\/div>\n\t\t\t\t\t<\/div>\n\t\t<\/div>\n\t\t\t\t\t<\/div>\n\t\t<\/section>\n\t\t\t\t<section data-exad-particle-enable=\"false\" class=\"elementor-section elementor-top-section elementor-element elementor-element-67cd0f6 elementor-section-boxed elementor-section-height-default elementor-section-height-default exad-parallax-effect-no exad-background-color-change-no exad-glass-effect-no exad-sticky-section-no\" data-id=\"67cd0f6\" data-element_type=\"section\" data-e-type=\"section\">\n\t\t\t\t\t\t<div class=\"elementor-container elementor-column-gap-default\">\n\t\t\t\t\t<div class=\"elementor-column elementor-col-100 elementor-top-column elementor-element elementor-element-514527e exad-glass-effect-no exad-sticky-section-no\" data-id=\"514527e\" data-element_type=\"column\" data-e-type=\"column\">\n\t\t\t<div class=\"elementor-widget-wrap elementor-element-populated\">\n\t\t\t\t\t\t<div class=\"elementor-element elementor-element-6330234 exad-sticky-section-no exad-glass-effect-no elementor-widget elementor-widget-heading\" data-id=\"6330234\" data-element_type=\"widget\" data-e-type=\"widget\" data-widget_type=\"heading.default\">\n\t\t\t\t<div class=\"elementor-widget-container\">\n\t\t\t\t\t<h2 class=\"elementor-heading-title elementor-size-default\">The pro-bridge electricity price alliance is also calling for swift action<\/h2>\t\t\t\t<\/div>\n\t\t\t\t<\/div>\n\t\t\t\t\t<\/div>\n\t\t<\/div>\n\t\t\t\t\t<\/div>\n\t\t<\/section>\n\t\t\t\t<section data-exad-particle-enable=\"false\" class=\"elementor-section elementor-top-section elementor-element elementor-element-07ffaed elementor-section-boxed elementor-section-height-default elementor-section-height-default exad-parallax-effect-no exad-background-color-change-no exad-glass-effect-no exad-sticky-section-no\" data-id=\"07ffaed\" data-element_type=\"section\" data-e-type=\"section\">\n\t\t\t\t\t\t<div class=\"elementor-container elementor-column-gap-default\">\n\t\t\t\t\t<div class=\"elementor-column elementor-col-100 elementor-top-column elementor-element elementor-element-fe7f771 exad-glass-effect-no exad-sticky-section-no\" data-id=\"fe7f771\" data-element_type=\"column\" data-e-type=\"column\">\n\t\t\t<div class=\"elementor-widget-wrap elementor-element-populated\">\n\t\t\t\t\t\t<div class=\"elementor-element elementor-element-209fbeb exad-sticky-section-no exad-glass-effect-no elementor-widget elementor-widget-text-editor\" data-id=\"209fbeb\" data-element_type=\"widget\" data-e-type=\"widget\" data-widget_type=\"text-editor.default\">\n\t\t\t\t<div class=\"elementor-widget-container\">\n\t\t\t\t\t\t\t\t\t<p>Instead of making a clear commitment to Germany as an industrial location and embarking on the transformation with seven-league boots, the German government has once again postponed important decisions for the future. The members of the <strong>Alliance in favour of bridge power price<\/strong> the results of the Meseberg conference. The Alliance members called on the German government to swiftly adopt a temporary bridge electricity price, as investment decisions were either imminent or had not been made.<\/p><p>The pro-bridge electricity price alliance is <strong>an alliance of associations and industrial trade unions from the energy-intensive industries<\/strong>. Together they represent 1.1 million employees in 8,000 energy-intensive companies.<\/p><blockquote><p>\u201eThe cabinet meeting did not achieve the desired result for the glass industry: The bridge electricity price, which is so important for us and which we need in the short term to overcome the current crisis and drive forward the transformation as quickly as possible, was not agreed. Yet it is five to 12 for the energy-intensive basic industries in Germany. Long-term measures are welcome in principle, but we need support now! A bridge electricity price would have an immediate effect and make it much easier for companies in the glass industry to decide to invest in a climate-neutral future. After all, the electrification of sub-processes in glass production will be an important pillar in the decarbonisation of the entire glass industry.\u201c<\/p><p><strong>Dr Johann Overath, <\/strong>Managing Director Bundesverband Glasindustrie e.V.<\/p><\/blockquote><p>Without a bridge electricity price from 1 January 2024, jobs and entire locations would continue to be threatened, Allianz said in a statement. It announced, <strong>pool their strengths further<\/strong> and to increase the pressure on the federal government.<\/p><blockquote><p>\u201eThe German government has missed an important opportunity to give German industry growth prospects and planning security for investments. The important bridge electricity price was not agreed and the extension of the peak equalisation was postponed. The Growth Opportunities Act that has been passed will not be enough to provide the necessary transformation impetus.\u201c<\/p><p><strong>Winfried Schaur, <\/strong>President of Die Papierindustrie e.V.<\/p><\/blockquote><blockquote><p>\u201eThe German government must no longer ignore the alarm call from energy-intensive industry. A bridging electricity price is not only desirable, it is an absolute must in this crisis. The traffic light must no longer stand idly by and watch as declining production and falling orders rob many companies in our industry of confidence. To stop deindustrialisation, it must restore faith in the location NOW. Good-sounding long-term programmes are not enough. We need acute measures.\u201c<\/p><p><strong>Markus Steilemann, <\/strong>President of the German Chemical Industry Association - VCI<\/p><\/blockquote><p><em>Source<\/em>: <a href=\"https:\/\/plasticseurope.org\/de\/\" target=\"_blank\" rel=\"noopener\">Plastics Europe Germany<\/a> \/ <a href=\"https:\/\/www.bvglas.de\/\" target=\"_blank\" rel=\"noopener\">Bundesverband Glasindustrie e.V.<\/a><\/p>\t\t\t\t\t\t\t\t<\/div>\n\t\t\t\t<\/div>\n\t\t\t\t\t<\/div>\n\t\t<\/div>\n\t\t\t\t\t<\/div>\n\t\t<\/section>\n\t\t\t\t<section data-exad-particle-enable=\"false\" class=\"elementor-section elementor-top-section elementor-element elementor-element-34a8532c elementor-section-boxed elementor-section-height-default elementor-section-height-default exad-parallax-effect-no exad-background-color-change-no exad-glass-effect-no exad-sticky-section-no\" data-id=\"34a8532c\" data-element_type=\"section\" data-e-type=\"section\" data-settings=\"{&quot;background_background&quot;:&quot;classic&quot;}\">\n\t\t\t\t\t\t<div class=\"elementor-container elementor-column-gap-default\">\n\t\t\t\t\t<div class=\"elementor-column elementor-col-100 elementor-top-column elementor-element elementor-element-90da69b exad-glass-effect-no exad-sticky-section-no\" data-id=\"90da69b\" data-element_type=\"column\" data-e-type=\"column\">\n\t\t\t<div class=\"elementor-widget-wrap elementor-element-populated\">\n\t\t\t\t\t\t<div class=\"elementor-element elementor-element-4ff74883 exad-sticky-section-no exad-glass-effect-no elementor-widget elementor-widget-heading\" data-id=\"4ff74883\" data-element_type=\"widget\" data-e-type=\"widget\" data-widget_type=\"heading.default\">\n\t\t\t\t<div class=\"elementor-widget-container\">\n\t\t\t\t\t<h2 class=\"elementor-heading-title elementor-size-default\">Markets - More news<\/h2>\t\t\t\t<\/div>\n\t\t\t\t<\/div>\n\t\t\t\t<div class=\"elementor-element elementor-element-ee7f262 elementor-grid-3 elementor-grid-tablet-2 elementor-grid-mobile-1 elementor-posts--thumbnail-top elementor-posts__hover-gradient exad-sticky-section-no exad-glass-effect-no elementor-widget elementor-widget-posts\" data-id=\"ee7f262\" data-element_type=\"widget\" data-e-type=\"widget\" data-settings=\"{&quot;cards_row_gap&quot;:{&quot;unit&quot;:&quot;px&quot;,&quot;size&quot;:38,&quot;sizes&quot;:[]},&quot;cards_columns&quot;:&quot;3&quot;,&quot;cards_columns_tablet&quot;:&quot;2&quot;,&quot;cards_columns_mobile&quot;:&quot;1&quot;,&quot;cards_row_gap_tablet&quot;:{&quot;unit&quot;:&quot;px&quot;,&quot;size&quot;:&quot;&quot;,&quot;sizes&quot;:[]},&quot;cards_row_gap_mobile&quot;:{&quot;unit&quot;:&quot;px&quot;,&quot;size&quot;:&quot;&quot;,&quot;sizes&quot;:[]}}\" data-widget_type=\"posts.cards\">\n\t\t\t\t<div class=\"elementor-widget-container\">\n\t\t\t\t\t\t\t<div class=\"elementor-posts-container elementor-posts elementor-posts--skin-cards elementor-grid\" role=\"list\">\n\t\t\t\t<article class=\"elementor-post elementor-grid-item post-115238 post type-post status-publish format-standard has-post-thumbnail category-maerkte tag-gesetze-und-verordnungen tag-kunststoff-und-verbunde tag-oesterreich tag-pj_home cs-entry cs-video-wrap\" role=\"listitem\">\n\t\t\t<div class=\"elementor-post__card\">\n\t\t\t\t<a class=\"elementor-post__thumbnail__link\" href=\"https:\/\/packaging-journal.de\/en\/steuer-auf-kunststoffverpackungen-gestoppt\/\" tabindex=\"-1\"><div class=\"elementor-post__thumbnail\"><img decoding=\"async\" width=\"300\" height=\"163\" src=\"https:\/\/packaging-journal.de\/wp-content\/uploads\/2026\/04\/Austria-Flag-300x163.jpg\" class=\"attachment-medium size-medium wp-image-115241\" alt=\"\" srcset=\"https:\/\/packaging-journal.de\/wp-content\/uploads\/2026\/04\/Austria-Flag-300x163.jpg 300w, https:\/\/packaging-journal.de\/wp-content\/uploads\/2026\/04\/Austria-Flag-1024x555.jpg 1024w, https:\/\/packaging-journal.de\/wp-content\/uploads\/2026\/04\/Austria-Flag-768x416.jpg 768w, https:\/\/packaging-journal.de\/wp-content\/uploads\/2026\/04\/Austria-Flag-18x10.jpg 18w, https:\/\/packaging-journal.de\/wp-content\/uploads\/2026\/04\/Austria-Flag-332x180.jpg 332w, https:\/\/packaging-journal.de\/wp-content\/uploads\/2026\/04\/Austria-Flag-664x360.jpg 664w, https:\/\/packaging-journal.de\/wp-content\/uploads\/2026\/04\/Austria-Flag-688x373.jpg 688w, https:\/\/packaging-journal.de\/wp-content\/uploads\/2026\/04\/Austria-Flag-1044x566.jpg 1044w, https:\/\/packaging-journal.de\/wp-content\/uploads\/2026\/04\/Austria-Flag.jpg 1200w\" sizes=\"(max-width: 300px) 100vw, 300px\" \/><\/div><\/a>\n\t\t\t\t<div class=\"elementor-post__text\">\n\t\t\t\t<h3 class=\"elementor-post__title\">\n\t\t\t<a href=\"https:\/\/packaging-journal.de\/en\/steuer-auf-kunststoffverpackungen-gestoppt\/\">\n\t\t\t\tPlastic packaging tax halted\t\t\t<\/a>\n\t\t<\/h3>\n\t\t\t\t<div class=\"elementor-post__excerpt\">\n\t\t\tThe national plastic tax, originally planned for 1 October 2026 in Austria, is off the table.\t\t<\/div>\n\t\t\n\t\t<a class=\"elementor-post__read-more\" href=\"https:\/\/packaging-journal.de\/en\/steuer-auf-kunststoffverpackungen-gestoppt\/\" aria-label=\"Read more about tax on plastic packaging stopped\" tabindex=\"-1\">\n\t\t\tRead more \"\t\t<\/a>\n\n\t\t\t\t<\/div>\n\t\t\t\t\t<\/div>\n\t\t<\/article>\n\t\t\t\t<article class=\"elementor-post elementor-grid-item post-115179 post type-post status-publish format-standard has-post-thumbnail category-maerkte tag-e-commerce tag-forum-wellpappe-oesterreich tag-oesterreich tag-wellpappe cs-entry cs-video-wrap\" role=\"listitem\">\n\t\t\t<div class=\"elementor-post__card\">\n\t\t\t\t<a class=\"elementor-post__thumbnail__link\" href=\"https:\/\/packaging-journal.de\/en\/oesterreichs-wellpappe-industrie-unter-druck\/\" tabindex=\"-1\"><div class=\"elementor-post__thumbnail\"><img decoding=\"async\" width=\"300\" height=\"163\" src=\"https:\/\/packaging-journal.de\/wp-content\/uploads\/2026\/04\/Wellpappe-Austria-2025-300x163.jpg\" class=\"attachment-medium size-medium wp-image-115182\" alt=\"\" srcset=\"https:\/\/packaging-journal.de\/wp-content\/uploads\/2026\/04\/Wellpappe-Austria-2025-300x163.jpg 300w, https:\/\/packaging-journal.de\/wp-content\/uploads\/2026\/04\/Wellpappe-Austria-2025-1024x555.jpg 1024w, https:\/\/packaging-journal.de\/wp-content\/uploads\/2026\/04\/Wellpappe-Austria-2025-768x416.jpg 768w, https:\/\/packaging-journal.de\/wp-content\/uploads\/2026\/04\/Wellpappe-Austria-2025-18x10.jpg 18w, https:\/\/packaging-journal.de\/wp-content\/uploads\/2026\/04\/Wellpappe-Austria-2025-332x180.jpg 332w, https:\/\/packaging-journal.de\/wp-content\/uploads\/2026\/04\/Wellpappe-Austria-2025-664x360.jpg 664w, https:\/\/packaging-journal.de\/wp-content\/uploads\/2026\/04\/Wellpappe-Austria-2025-688x373.jpg 688w, https:\/\/packaging-journal.de\/wp-content\/uploads\/2026\/04\/Wellpappe-Austria-2025-1044x566.jpg 1044w, https:\/\/packaging-journal.de\/wp-content\/uploads\/2026\/04\/Wellpappe-Austria-2025.jpg 1200w\" sizes=\"(max-width: 300px) 100vw, 300px\" \/><\/div><\/a>\n\t\t\t\t<div class=\"elementor-post__text\">\n\t\t\t\t<h3 class=\"elementor-post__title\">\n\t\t\t<a href=\"https:\/\/packaging-journal.de\/en\/oesterreichs-wellpappe-industrie-unter-druck\/\">\n\t\t\t\tAustria's corrugated board industry under pressure\t\t\t<\/a>\n\t\t<\/h3>\n\t\t\t\t<div class=\"elementor-post__excerpt\">\n\t\t\tThe Austrian corrugated board industry is struggling with rising costs and regulatory challenges.\t\t<\/div>\n\t\t\n\t\t<a class=\"elementor-post__read-more\" href=\"https:\/\/packaging-journal.de\/en\/oesterreichs-wellpappe-industrie-unter-druck\/\" aria-label=\"Read more about Austria&#039;s corrugated board industry under pressure\" tabindex=\"-1\">\n\t\t\tRead more \"\t\t<\/a>\n\n\t\t\t\t<\/div>\n\t\t\t\t\t<\/div>\n\t\t<\/article>\n\t\t\t\t<article class=\"elementor-post elementor-grid-item post-115117 post type-post status-publish format-video has-post-thumbnail category-maerkte category-messen-und-veranstaltungen tag-eu-verpackungsverordnung tag-interpack tag-markt tag-packmittel-und-packstoffe tag-veranstaltungen tag-verpackungstechnik post_format-post-format-video cs-entry cs-video-wrap\" role=\"listitem\">\n\t\t\t<div class=\"elementor-post__card\">\n\t\t\t\t<a class=\"elementor-post__thumbnail__link\" href=\"https:\/\/packaging-journal.de\/en\/heimspiel-unter-druck-was-die-verpackungsbranche-vor-der-interpack-wirklich-bewegt\/\" tabindex=\"-1\"><div class=\"elementor-post__thumbnail\"><img fetchpriority=\"high\" decoding=\"async\" width=\"300\" height=\"167\" src=\"https:\/\/packaging-journal.de\/wp-content\/uploads\/2026\/04\/Gemini_Generated_Image_h80kp0h80kp0h80k-bearbeitet-300x167.jpg\" class=\"attachment-medium size-medium wp-image-115121\" alt=\"\" srcset=\"https:\/\/packaging-journal.de\/wp-content\/uploads\/2026\/04\/Gemini_Generated_Image_h80kp0h80kp0h80k-bearbeitet-300x167.jpg 300w, https:\/\/packaging-journal.de\/wp-content\/uploads\/2026\/04\/Gemini_Generated_Image_h80kp0h80kp0h80k-bearbeitet-1024x571.jpg 1024w, https:\/\/packaging-journal.de\/wp-content\/uploads\/2026\/04\/Gemini_Generated_Image_h80kp0h80kp0h80k-bearbeitet-768x429.jpg 768w, https:\/\/packaging-journal.de\/wp-content\/uploads\/2026\/04\/Gemini_Generated_Image_h80kp0h80kp0h80k-bearbeitet-1536x857.jpg 1536w, https:\/\/packaging-journal.de\/wp-content\/uploads\/2026\/04\/Gemini_Generated_Image_h80kp0h80kp0h80k-bearbeitet-2048x1143.jpg 2048w, https:\/\/packaging-journal.de\/wp-content\/uploads\/2026\/04\/Gemini_Generated_Image_h80kp0h80kp0h80k-bearbeitet-18x10.jpg 18w, https:\/\/packaging-journal.de\/wp-content\/uploads\/2026\/04\/Gemini_Generated_Image_h80kp0h80kp0h80k-bearbeitet-332x185.jpg 332w, https:\/\/packaging-journal.de\/wp-content\/uploads\/2026\/04\/Gemini_Generated_Image_h80kp0h80kp0h80k-bearbeitet-664x371.jpg 664w, https:\/\/packaging-journal.de\/wp-content\/uploads\/2026\/04\/Gemini_Generated_Image_h80kp0h80kp0h80k-bearbeitet-688x384.jpg 688w, https:\/\/packaging-journal.de\/wp-content\/uploads\/2026\/04\/Gemini_Generated_Image_h80kp0h80kp0h80k-bearbeitet-1044x583.jpg 1044w, https:\/\/packaging-journal.de\/wp-content\/uploads\/2026\/04\/Gemini_Generated_Image_h80kp0h80kp0h80k-bearbeitet-1400x781.jpg 1400w, https:\/\/packaging-journal.de\/wp-content\/uploads\/2026\/04\/Gemini_Generated_Image_h80kp0h80kp0h80k-bearbeitet-1920x1071.jpg 1920w, https:\/\/packaging-journal.de\/wp-content\/uploads\/2026\/04\/Gemini_Generated_Image_h80kp0h80kp0h80k-bearbeitet-1320x737.jpg 1320w, https:\/\/packaging-journal.de\/wp-content\/uploads\/2026\/04\/Gemini_Generated_Image_h80kp0h80kp0h80k-bearbeitet.jpg 2500w\" sizes=\"(max-width: 300px) 100vw, 300px\" \/><\/div><\/a>\n\t\t\t\t<div class=\"elementor-post__text\">\n\t\t\t\t<h3 class=\"elementor-post__title\">\n\t\t\t<a href=\"https:\/\/packaging-journal.de\/en\/heimspiel-unter-druck-was-die-verpackungsbranche-vor-der-interpack-wirklich-bewegt\/\">\n\t\t\t\tHome game under pressure: What's really moving the packaging industry ahead of interpack\t\t\t<\/a>\n\t\t<\/h3>\n\t\t\t\t<div class=\"elementor-post__excerpt\">\n\t\t\tShortly before the start of interpack 2026, packaging journal, VDMA Managing Director Richard Clemens, interpack President Markus Rustler and trade fair head Thomas Dose met for a countdown talk in D\u00fcsseldorf. The mood is good \u2013 the situation is serious.\t\t<\/div>\n\t\t\n\t\t<a class=\"elementor-post__read-more\" href=\"https:\/\/packaging-journal.de\/en\/heimspiel-unter-druck-was-die-verpackungsbranche-vor-der-interpack-wirklich-bewegt\/\" aria-label=\"Read more about home game under pressure: What&#039;s really moving the packaging industry before interpack\" tabindex=\"-1\">\n\t\t\tRead more \"\t\t<\/a>\n\n\t\t\t\t<\/div>\n\t\t\t\t\t<\/div>\n\t\t<\/article>\n\t\t\t\t<article class=\"elementor-post elementor-grid-item post-114920 post type-post status-publish format-standard has-post-thumbnail category-maerkte tag-eu-verpackungsverordnung tag-flexible-packaging-europe tag-gesetze-und-verordnungen tag-markt cs-entry cs-video-wrap\" role=\"listitem\">\n\t\t\t<div class=\"elementor-post__card\">\n\t\t\t\t<a class=\"elementor-post__thumbnail__link\" href=\"https:\/\/packaging-journal.de\/en\/fpe-fordert-klare-umsetzung-statt-ppwr-neuauflage\/\" tabindex=\"-1\"><div class=\"elementor-post__thumbnail\"><img loading=\"lazy\" decoding=\"async\" width=\"300\" height=\"163\" src=\"https:\/\/packaging-journal.de\/wp-content\/uploads\/2026\/04\/FPE-PPWR-300x163.jpg\" class=\"attachment-medium size-medium wp-image-114923\" alt=\"\" srcset=\"https:\/\/packaging-journal.de\/wp-content\/uploads\/2026\/04\/FPE-PPWR-300x163.jpg 300w, https:\/\/packaging-journal.de\/wp-content\/uploads\/2026\/04\/FPE-PPWR-1024x555.jpg 1024w, https:\/\/packaging-journal.de\/wp-content\/uploads\/2026\/04\/FPE-PPWR-768x416.jpg 768w, https:\/\/packaging-journal.de\/wp-content\/uploads\/2026\/04\/FPE-PPWR-18x10.jpg 18w, https:\/\/packaging-journal.de\/wp-content\/uploads\/2026\/04\/FPE-PPWR-332x180.jpg 332w, https:\/\/packaging-journal.de\/wp-content\/uploads\/2026\/04\/FPE-PPWR-664x360.jpg 664w, https:\/\/packaging-journal.de\/wp-content\/uploads\/2026\/04\/FPE-PPWR-688x373.jpg 688w, https:\/\/packaging-journal.de\/wp-content\/uploads\/2026\/04\/FPE-PPWR-1044x566.jpg 1044w, https:\/\/packaging-journal.de\/wp-content\/uploads\/2026\/04\/FPE-PPWR.jpg 1200w\" sizes=\"(max-width: 300px) 100vw, 300px\" \/><\/div><\/a>\n\t\t\t\t<div class=\"elementor-post__text\">\n\t\t\t\t<h3 class=\"elementor-post__title\">\n\t\t\t<a href=\"https:\/\/packaging-journal.de\/en\/fpe-fordert-klare-umsetzung-statt-ppwr-neuauflage\/\">\n\t\t\t\tFPE calls for clear implementation instead of a PPWR relaunch\t\t\t<\/a>\n\t\t<\/h3>\n\t\t\t\t<div class=\"elementor-post__excerpt\">\n\t\t\tThe association is speaking out against a delay or renegotiation of the EU Packaging Regulation.\t\t<\/div>\n\t\t\n\t\t<a class=\"elementor-post__read-more\" href=\"https:\/\/packaging-journal.de\/en\/fpe-fordert-klare-umsetzung-statt-ppwr-neuauflage\/\" aria-label=\"Read more about FPE calls for clear implementation instead of a PPWR relaunch\" tabindex=\"-1\">\n\t\t\tRead more \"\t\t<\/a>\n\n\t\t\t\t<\/div>\n\t\t\t\t\t<\/div>\n\t\t<\/article>\n\t\t\t\t<article class=\"elementor-post elementor-grid-item post-114839 post type-post status-publish format-standard has-post-thumbnail category-maerkte tag-gesetze-und-verordnungen tag-lebensmittel tag-markt tag-mehrweg tag-verpackungssteuer cs-entry cs-video-wrap\" role=\"listitem\">\n\t\t\t<div class=\"elementor-post__card\">\n\t\t\t\t<a class=\"elementor-post__thumbnail__link\" href=\"https:\/\/packaging-journal.de\/en\/potsdam-fuehrt-verpackungssteuer-ein\/\" tabindex=\"-1\"><div class=\"elementor-post__thumbnail\"><img loading=\"lazy\" decoding=\"async\" width=\"300\" height=\"163\" src=\"https:\/\/packaging-journal.de\/wp-content\/uploads\/2026\/04\/Potsdam-300x163.jpg\" class=\"attachment-medium size-medium wp-image-114845\" alt=\"\" srcset=\"https:\/\/packaging-journal.de\/wp-content\/uploads\/2026\/04\/Potsdam-300x163.jpg 300w, https:\/\/packaging-journal.de\/wp-content\/uploads\/2026\/04\/Potsdam-1024x555.jpg 1024w, https:\/\/packaging-journal.de\/wp-content\/uploads\/2026\/04\/Potsdam-768x416.jpg 768w, https:\/\/packaging-journal.de\/wp-content\/uploads\/2026\/04\/Potsdam-18x10.jpg 18w, https:\/\/packaging-journal.de\/wp-content\/uploads\/2026\/04\/Potsdam-332x180.jpg 332w, https:\/\/packaging-journal.de\/wp-content\/uploads\/2026\/04\/Potsdam-664x360.jpg 664w, https:\/\/packaging-journal.de\/wp-content\/uploads\/2026\/04\/Potsdam-688x373.jpg 688w, https:\/\/packaging-journal.de\/wp-content\/uploads\/2026\/04\/Potsdam-1044x566.jpg 1044w, https:\/\/packaging-journal.de\/wp-content\/uploads\/2026\/04\/Potsdam.jpg 1200w\" sizes=\"(max-width: 300px) 100vw, 300px\" \/><\/div><\/a>\n\t\t\t\t<div class=\"elementor-post__text\">\n\t\t\t\t<h3 class=\"elementor-post__title\">\n\t\t\t<a href=\"https:\/\/packaging-journal.de\/en\/potsdam-fuehrt-verpackungssteuer-ein\/\">\n\t\t\t\tPotsdam introduces packaging tax\t\t\t<\/a>\n\t\t<\/h3>\n\t\t\t\t<div class=\"elementor-post__excerpt\">\n\t\t\tThe tax is primarily aimed at end sellers and provides for differentiated tax rates.\t\t<\/div>\n\t\t\n\t\t<a class=\"elementor-post__read-more\" href=\"https:\/\/packaging-journal.de\/en\/potsdam-fuehrt-verpackungssteuer-ein\/\" aria-label=\"Read more about Potsdam introduces packaging tax\" tabindex=\"-1\">\n\t\t\tRead more \"\t\t<\/a>\n\n\t\t\t\t<\/div>\n\t\t\t\t\t<\/div>\n\t\t<\/article>\n\t\t\t\t<article class=\"elementor-post elementor-grid-item post-114759 post type-post status-publish format-standard has-post-thumbnail category-maerkte tag-eu-verpackungsverordnung tag-gesetze-und-verordnungen tag-markt tag-pj_home cs-entry cs-video-wrap\" role=\"listitem\">\n\t\t\t<div class=\"elementor-post__card\">\n\t\t\t\t<a class=\"elementor-post__thumbnail__link\" href=\"https:\/\/packaging-journal.de\/en\/bundesregierung-lehnt-zentrale-bundesratsvorschlaege-ab\/\" tabindex=\"-1\"><div class=\"elementor-post__thumbnail\"><img loading=\"lazy\" decoding=\"async\" width=\"300\" height=\"163\" src=\"https:\/\/packaging-journal.de\/wp-content\/uploads\/2026\/04\/Bundeskanzleramt-300x163.jpg\" class=\"attachment-medium size-medium wp-image-114762\" alt=\"\" srcset=\"https:\/\/packaging-journal.de\/wp-content\/uploads\/2026\/04\/Bundeskanzleramt-300x163.jpg 300w, https:\/\/packaging-journal.de\/wp-content\/uploads\/2026\/04\/Bundeskanzleramt-1024x555.jpg 1024w, https:\/\/packaging-journal.de\/wp-content\/uploads\/2026\/04\/Bundeskanzleramt-768x416.jpg 768w, https:\/\/packaging-journal.de\/wp-content\/uploads\/2026\/04\/Bundeskanzleramt-18x10.jpg 18w, https:\/\/packaging-journal.de\/wp-content\/uploads\/2026\/04\/Bundeskanzleramt-332x180.jpg 332w, https:\/\/packaging-journal.de\/wp-content\/uploads\/2026\/04\/Bundeskanzleramt-664x360.jpg 664w, https:\/\/packaging-journal.de\/wp-content\/uploads\/2026\/04\/Bundeskanzleramt-688x373.jpg 688w, https:\/\/packaging-journal.de\/wp-content\/uploads\/2026\/04\/Bundeskanzleramt-1044x566.jpg 1044w, https:\/\/packaging-journal.de\/wp-content\/uploads\/2026\/04\/Bundeskanzleramt.jpg 1200w\" sizes=\"(max-width: 300px) 100vw, 300px\" \/><\/div><\/a>\n\t\t\t\t<div class=\"elementor-post__text\">\n\t\t\t\t<h3 class=\"elementor-post__title\">\n\t\t\t<a href=\"https:\/\/packaging-journal.de\/en\/bundesregierung-lehnt-zentrale-bundesratsvorschlaege-ab\/\">\n\t\t\t\tFederal government rejects key Bundesrat proposals\t\t\t<\/a>\n\t\t<\/h3>\n\t\t\t\t<div class=\"elementor-post__excerpt\">\n\t\t\tThe federal government makes it clear on several points that it largely intends to stick to the draft of the Packaging Act.\t\t<\/div>\n\t\t\n\t\t<a class=\"elementor-post__read-more\" href=\"https:\/\/packaging-journal.de\/en\/bundesregierung-lehnt-zentrale-bundesratsvorschlaege-ab\/\" aria-label=\"Read more about the Federal Government rejects key Bundesrat proposals\" tabindex=\"-1\">\n\t\t\tRead more \"\t\t<\/a>\n\n\t\t\t\t<\/div>\n\t\t\t\t\t<\/div>\n\t\t<\/article>\n\t\t\t\t<\/div>\n\t\t\n\t\t\t\t\t\t<\/div>\n\t\t\t\t<\/div>\n\t\t\t\t\t<\/div>\n\t\t<\/div>\n\t\t\t\t\t<\/div>\n\t\t<\/section>\n\t\t\t\t<\/div>","protected":false},"excerpt":{"rendered":"The industry association Plastics Europe Deutschland and the Alliance pro Br\u00fcckenstrompreis are calling for a temporary and fair bridge electricity price in order to remain competitive until sufficient quantities of renewable electricity are available.","protected":false},"author":20,"featured_media":85009,"comment_status":"closed","ping_status":"closed","sticky":false,"template":"","format":"standard","meta":{"_acf_changed":false,"__cvm_playback_settings":[],"__cvm_video_id":"","rank_math_description":"Um wettbewerbsf\u00e4hig zu bleiben, braucht es einen zeitlich begrenzten Br\u00fcckenstrompreis, fordern Plastics Europe Deutschland und die Allianz pro Br\u00fcckenstrompreis.","rank_math_focus_keyword":"Br\u00fcckenstrompreis","rank_math_title":"","csco_display_header_overlay":false,"csco_singular_sidebar":"","csco_page_header_type":"","csco_page_load_nextpost":"","csco_post_video_location":[],"csco_post_video_location_hash":"","csco_post_video_url":"","csco_post_video_bg_start_time":0,"csco_post_video_bg_end_time":0,"footnotes":"","_links_to":"","_links_to_target":""},"categories":[111],"tags":[43,59132,59421,60216,60217],"class_list":{"0":"post-85004","1":"post","2":"type-post","3":"status-publish","4":"format-standard","5":"has-post-thumbnail","7":"category-maerkte","8":"tag-aus-den-unternehmen","9":"tag-bundesverband-glasindustrie","10":"tag-die-papierindustrie-e-v","11":"tag-plastics-europe-deutschland","12":"tag-vci","13":"cs-entry","14":"cs-video-wrap"},"acf":[],"vimeo_video":null,"_links":{"self":[{"href":"https:\/\/packaging-journal.de\/en\/wp-json\/wp\/v2\/posts\/85004","targetHints":{"allow":["GET"]}}],"collection":[{"href":"https:\/\/packaging-journal.de\/en\/wp-json\/wp\/v2\/posts"}],"about":[{"href":"https:\/\/packaging-journal.de\/en\/wp-json\/wp\/v2\/types\/post"}],"author":[{"embeddable":true,"href":"https:\/\/packaging-journal.de\/en\/wp-json\/wp\/v2\/users\/20"}],"replies":[{"embeddable":true,"href":"https:\/\/packaging-journal.de\/en\/wp-json\/wp\/v2\/comments?post=85004"}],"version-history":[{"count":0,"href":"https:\/\/packaging-journal.de\/en\/wp-json\/wp\/v2\/posts\/85004\/revisions"}],"wp:featuredmedia":[{"embeddable":true,"href":"https:\/\/packaging-journal.de\/en\/wp-json\/wp\/v2\/media\/85009"}],"wp:attachment":[{"href":"https:\/\/packaging-journal.de\/en\/wp-json\/wp\/v2\/media?parent=85004"}],"wp:term":[{"taxonomy":"category","embeddable":true,"href":"https:\/\/packaging-journal.de\/en\/wp-json\/wp\/v2\/categories?post=85004"},{"taxonomy":"post_tag","embeddable":true,"href":"https:\/\/packaging-journal.de\/en\/wp-json\/wp\/v2\/tags?post=85004"}],"curies":[{"name":"wp","href":"https:\/\/api.w.org\/{rel}","templated":true}]}}