{"id":85364,"date":"2023-09-11T16:12:18","date_gmt":"2023-09-11T14:12:18","guid":{"rendered":"https:\/\/packaging-journal.de\/?p=85364"},"modified":"2023-09-11T15:14:10","modified_gmt":"2023-09-11T13:14:10","slug":"berndt-and-partner-podcast-thomas-reiner","status":"publish","type":"post","link":"https:\/\/packaging-journal.de\/en\/berndt-und-partner-podcast-thomas-reiner\/","title":{"rendered":"\ud83c\udfa7 Podcast: Berndt + Partner GmbH - \u201ePackaging is like an inconspicuous, loyal friend\u201c"},"content":{"rendered":"<div data-elementor-type=\"wp-post\" data-elementor-id=\"85364\" class=\"elementor elementor-85364\" data-elementor-post-type=\"post\">\n\t\t\t\t\t\t<section data-exad-particle-enable=\"false\" class=\"elementor-section elementor-top-section elementor-element elementor-element-8a4a104 elementor-section-boxed elementor-section-height-default elementor-section-height-default exad-parallax-effect-no exad-background-color-change-no exad-glass-effect-no exad-sticky-section-no\" data-id=\"8a4a104\" data-element_type=\"section\" data-e-type=\"section\">\n\t\t\t\t\t\t<div class=\"elementor-container elementor-column-gap-default\">\n\t\t\t\t\t<div class=\"elementor-column elementor-col-100 elementor-top-column elementor-element elementor-element-6897ce0 exad-glass-effect-no exad-sticky-section-no\" data-id=\"6897ce0\" data-element_type=\"column\" data-e-type=\"column\">\n\t\t\t<div class=\"elementor-widget-wrap elementor-element-populated\">\n\t\t\t\t\t\t<div class=\"elementor-element elementor-element-69e8d14 exad-sticky-section-no exad-glass-effect-no elementor-widget elementor-widget-text-editor\" data-id=\"69e8d14\" data-element_type=\"widget\" data-e-type=\"widget\" data-widget_type=\"text-editor.default\">\n\t\t\t\t<div class=\"elementor-widget-container\">\n\t\t\t\t\t\t\t\t\t<p style=\"font-weight: 400;\"><strong>He is the former chairman of the German Packaging Institute, was a board member of the World Packaging Organisation and now advises major companies and brands in the industry. Thomas Reiner, CEO of Berndt + Partner GmbH, has been passionate about packaging for years.<\/strong><\/p>\t\t\t\t\t\t\t\t<\/div>\n\t\t\t\t<\/div>\n\t\t\t\t<div class=\"elementor-element elementor-element-2f956c1 exad-sticky-section-no exad-glass-effect-no elementor-widget elementor-widget-text-editor\" data-id=\"2f956c1\" data-element_type=\"widget\" data-e-type=\"widget\" data-widget_type=\"text-editor.default\">\n\t\t\t\t<div class=\"elementor-widget-container\">\n\t\t\t\t\t\t\t\t\t<p>Thomas Reiner always keeps a watchful eye on what is happening and what needs to be done. In the current issue of packaging people, he spoke to us about sustainability, the opportunities presented by digitalisation and his work at the dvi.<\/p>\t\t\t\t\t\t\t\t<\/div>\n\t\t\t\t<\/div>\n\t\t\t\t<div class=\"elementor-element elementor-element-78aa125 exad-sticky-section-no exad-glass-effect-no elementor-widget elementor-widget-html\" data-id=\"78aa125\" data-element_type=\"widget\" data-e-type=\"widget\" data-widget_type=\"html.default\">\n\t\t\t\t<div class=\"elementor-widget-container\">\n\t\t\t\t\t<script class=\"podigee-podcast-player\" src=\"https:\/\/player.podigee-cdn.net\/podcast-player\/javascripts\/podigee-podcast-player.js\" data-configuration=\"https:\/\/packaging-people.podigee.io\/12-thomas-reiner\/embed?context=external\"><\/script>\t\t\t\t<\/div>\n\t\t\t\t<\/div>\n\t\t\t\t<div class=\"elementor-element elementor-element-04ca00e exad-sticky-section-no exad-glass-effect-no elementor-widget elementor-widget-heading\" data-id=\"04ca00e\" data-element_type=\"widget\" data-e-type=\"widget\" data-widget_type=\"heading.default\">\n\t\t\t\t<div class=\"elementor-widget-container\">\n\t\t\t\t\t<h2 class=\"elementor-heading-title elementor-size-default\">Episode 12: \u201ePackaging is like an inconspicuous, loyal friend\u201c<\/h2>\t\t\t\t<\/div>\n\t\t\t\t<\/div>\n\t\t\t\t<div class=\"elementor-element elementor-element-c46a9c0 exad-sticky-section-no exad-glass-effect-no elementor-widget elementor-widget-text-editor\" data-id=\"c46a9c0\" data-element_type=\"widget\" data-e-type=\"widget\" data-widget_type=\"text-editor.default\">\n\t\t\t\t<div class=\"elementor-widget-container\">\n\t\t\t\t\t\t\t\t\t<p style=\"font-weight: 400;\">Through his mentor Dieter Berndt, Thomas Reiner not only studied packaging technology, but also became an active and founding member of various organisations at an early stage. Thomas Reiner can look back on decades of association with both the dvi and the World Packaging Organisation.<\/p><div class=\"packa-in-post-alle\" style=\"text-align: center;\" id=\"packa-3112910961\"><div id=\"packa-477271788\"><a data-no-instant=\"1\" href=\"https:\/\/packaging-journal.de\/en\/newsletter\/\" rel=\"noopener\" class=\"a2t-link\" target=\"_blank\" aria-label=\"PJ Self-promotion English 03\"><!--noptimize--><img src=\"https:\/\/packaging-journal.de\/wp-content\/uploads\/2026\/01\/PJ-Eigenwerbung-English-03.png\" alt=\"\"  srcset=\"https:\/\/packaging-journal.de\/wp-content\/uploads\/2026\/01\/PJ-Eigenwerbung-English-03.png 840w, https:\/\/packaging-journal.de\/wp-content\/uploads\/2026\/01\/PJ-Eigenwerbung-English-03-300x75.png 300w, https:\/\/packaging-journal.de\/wp-content\/uploads\/2026\/01\/PJ-Eigenwerbung-English-03-768x192.png 768w, https:\/\/packaging-journal.de\/wp-content\/uploads\/2026\/01\/PJ-Eigenwerbung-English-03-18x5.png 18w, https:\/\/packaging-journal.de\/wp-content\/uploads\/2026\/01\/PJ-Eigenwerbung-English-03-332x83.png 332w, https:\/\/packaging-journal.de\/wp-content\/uploads\/2026\/01\/PJ-Eigenwerbung-English-03-664x166.png 664w, https:\/\/packaging-journal.de\/wp-content\/uploads\/2026\/01\/PJ-Eigenwerbung-English-03-688x172.png 688w\" sizes=\"(max-width: 840px) 100vw, 840px\" width=\"840\" height=\"210\"  style=\" max-width: 100%; height: auto;\" \/><!--\/noptimize--><\/a><\/div><\/div><p style=\"font-weight: 400;\">Reiner considers the exchange of ideas in such associations and institutes, but also at events such as interpack, when the industry comes together, to be particularly important and a driver of innovation.<\/p>\t\t\t\t\t\t\t\t<\/div>\n\t\t\t\t<\/div>\n\t\t\t\t<div class=\"elementor-element elementor-element-b2ab4ae elementor-blockquote--skin-quotation exad-sticky-section-no exad-glass-effect-no elementor-widget elementor-widget-blockquote\" data-id=\"b2ab4ae\" data-element_type=\"widget\" data-e-type=\"widget\" data-widget_type=\"blockquote.default\">\n\t\t\t\t<div class=\"elementor-widget-container\">\n\t\t\t\t\t\t\t<blockquote class=\"elementor-blockquote\">\n\t\t\t<p class=\"elementor-blockquote__content\">\n\t\t\t\tI myself believe that change always happens one-to-one. That's why it's not so much the big events that I really appreciate. It's actually more the one-to-one conversations. They happen at a short level, and I believe that this creates more awareness than if we want to address 250 people from the stage without denying the value of these events. There are also many one-to-one discussions. But in my opinion, change is always triggered by a one-to-one encounter.\t\t\t<\/p>\n\t\t\t\t\t\t\t<div class=\"e-q-footer\">\n\t\t\t\t\t\t\t\t\t\t\t<cite class=\"elementor-blockquote__author\">Podcast guest Thomas Reiner<\/cite>\n\t\t\t\t\t\t\t\t\t\t\t\t\t\t<\/div>\n\t\t\t\t\t<\/blockquote>\n\t\t\t\t\t\t<\/div>\n\t\t\t\t<\/div>\n\t\t\t\t<div class=\"elementor-element elementor-element-d15b7f3 exad-sticky-section-no exad-glass-effect-no elementor-widget elementor-widget-image\" data-id=\"d15b7f3\" data-element_type=\"widget\" data-e-type=\"widget\" data-widget_type=\"image.default\">\n\t\t\t\t<div class=\"elementor-widget-container\">\n\t\t\t\t\t\t\t\t\t\t\t\t\t\t\t<img fetchpriority=\"high\" decoding=\"async\" width=\"1024\" height=\"840\" src=\"https:\/\/packaging-journal.de\/wp-content\/uploads\/2023\/09\/TR-aktuell-1024x840.jpg\" class=\"attachment-large size-large wp-image-85369\" alt=\"\" srcset=\"https:\/\/packaging-journal.de\/wp-content\/uploads\/2023\/09\/TR-aktuell-1024x840.jpg 1024w, https:\/\/packaging-journal.de\/wp-content\/uploads\/2023\/09\/TR-aktuell-300x246.jpg 300w, https:\/\/packaging-journal.de\/wp-content\/uploads\/2023\/09\/TR-aktuell-768x630.jpg 768w, https:\/\/packaging-journal.de\/wp-content\/uploads\/2023\/09\/TR-aktuell-1536x1260.jpg 1536w, https:\/\/packaging-journal.de\/wp-content\/uploads\/2023\/09\/TR-aktuell-1320x1083.jpg 1320w, https:\/\/packaging-journal.de\/wp-content\/uploads\/2023\/09\/TR-aktuell.jpg 1828w\" sizes=\"(max-width: 1024px) 100vw, 1024px\" \/>\t\t\t\t\t\t\t\t\t\t\t\t\t\t\t<\/div>\n\t\t\t\t<\/div>\n\t\t\t\t<div class=\"elementor-element elementor-element-5d373f6 exad-sticky-section-no exad-glass-effect-no elementor-widget elementor-widget-text-editor\" data-id=\"5d373f6\" data-element_type=\"widget\" data-e-type=\"widget\" data-widget_type=\"text-editor.default\">\n\t\t\t\t<div class=\"elementor-widget-container\">\n\t\t\t\t\t\t\t\t\t<p style=\"font-weight: 400;\">As an engineer, Thomas Reiner is passionate about productivity and innovation in packaging machines. But he also attaches particular importance to packaging itself.<\/p><div id=\"packa-4046419379\" class=\"packa-inhalt\"><!--noptimize--><script async src=\"https:\/\/pagead2.googlesyndication.com\/pagead\/js\/adsbygoogle.js?client=ca-pub-2686439340972671\" crossorigin=\"anonymous\"><\/script>\r\n<ins class=\"adsbygoogle\" style=\"display:block;text-align:center\" data-ad-layout=\"in-article\" data-ad-format=\"fluid\" data-ad-client=\"ca-pub-2686439340972671\" data-ad-slot=\"6171251825\"><\/ins>\r\n<script>\r\n     (adsbygoogle = window.adsbygoogle || []).push({});\r\n<\/script><!--\/noptimize--><\/div>\t\t\t\t\t\t\t\t<\/div>\n\t\t\t\t<\/div>\n\t\t\t\t<div class=\"elementor-element elementor-element-eba2290 elementor-blockquote--skin-quotation exad-sticky-section-no exad-glass-effect-no elementor-widget elementor-widget-blockquote\" data-id=\"eba2290\" data-element_type=\"widget\" data-e-type=\"widget\" data-widget_type=\"blockquote.default\">\n\t\t\t\t<div class=\"elementor-widget-container\">\n\t\t\t\t\t\t\t<blockquote class=\"elementor-blockquote\">\n\t\t\t<p class=\"elementor-blockquote__content\">\n\t\t\t\tPackaging is like an inconspicuous, loyal friend. It's nothing big, nothing spectacular, but it still makes all the difference. If you think about it, our whole society wouldn't function without it. Packaging not only protects products and enables the distribution of goods. It also helps with communication, with understanding. And that impresses me - how a small detail like packaging can support an entire system and make it possible in the first place.\t\t\t<\/p>\n\t\t\t\t\t\t\t<div class=\"e-q-footer\">\n\t\t\t\t\t\t\t\t\t\t\t<cite class=\"elementor-blockquote__author\">Podcast guest Thomas Reiner<\/cite>\n\t\t\t\t\t\t\t\t\t\t\t\t\t\t<\/div>\n\t\t\t\t\t<\/blockquote>\n\t\t\t\t\t\t<\/div>\n\t\t\t\t<\/div>\n\t\t\t\t\t<\/div>\n\t\t<\/div>\n\t\t\t\t\t<\/div>\n\t\t<\/section>\n\t\t\t\t<section data-exad-particle-enable=\"false\" class=\"elementor-section elementor-top-section elementor-element elementor-element-61f825f elementor-section-boxed elementor-section-height-default elementor-section-height-default exad-parallax-effect-no exad-background-color-change-no exad-glass-effect-no exad-sticky-section-no\" data-id=\"61f825f\" data-element_type=\"section\" data-e-type=\"section\">\n\t\t\t\t\t\t<div class=\"elementor-container elementor-column-gap-default\">\n\t\t\t\t\t<div class=\"elementor-column elementor-col-100 elementor-top-column elementor-element elementor-element-23de742 exad-glass-effect-no exad-sticky-section-no\" data-id=\"23de742\" data-element_type=\"column\" data-e-type=\"column\">\n\t\t\t<div class=\"elementor-widget-wrap elementor-element-populated\">\n\t\t\t\t\t\t<div class=\"elementor-element elementor-element-c220498 exad-sticky-section-no exad-glass-effect-no elementor-widget elementor-widget-html\" data-id=\"c220498\" data-element_type=\"widget\" data-e-type=\"widget\" data-widget_type=\"html.default\">\n\t\t\t\t<div class=\"elementor-widget-container\">\n\t\t\t\t\t<script class=\"podigee-podcast-player\" src=\"https:\/\/player.podigee-cdn.net\/podcast-player\/javascripts\/podigee-podcast-player.js\" data-configuration=\"https:\/\/packaging-people.podigee.io\/12-thomas-reiner\/embed?context=external\"><\/script>\t\t\t\t<\/div>\n\t\t\t\t<\/div>\n\t\t\t\t<div class=\"elementor-element elementor-element-3c00f53 exad-sticky-section-no exad-glass-effect-no elementor-widget elementor-widget-heading\" data-id=\"3c00f53\" data-element_type=\"widget\" data-e-type=\"widget\" data-widget_type=\"heading.default\">\n\t\t\t\t<div class=\"elementor-widget-container\">\n\t\t\t\t\t<h2 class=\"elementor-heading-title elementor-size-default\">Videos with Thomas Reiner<\/h2>\t\t\t\t<\/div>\n\t\t\t\t<\/div>\n\t\t\t\t<section data-exad-particle-enable=\"false\" class=\"elementor-section elementor-inner-section elementor-element elementor-element-6fc0b2d elementor-section-boxed elementor-section-height-default elementor-section-height-default exad-parallax-effect-no exad-background-color-change-no exad-glass-effect-no exad-sticky-section-no\" data-id=\"6fc0b2d\" data-element_type=\"section\" data-e-type=\"section\">\n\t\t\t\t\t\t<div class=\"elementor-container elementor-column-gap-default\">\n\t\t\t\t\t<div class=\"elementor-column elementor-col-50 elementor-inner-column elementor-element elementor-element-5e741eb exad-glass-effect-no exad-sticky-section-no\" data-id=\"5e741eb\" data-element_type=\"column\" data-e-type=\"column\">\n\t\t\t<div class=\"elementor-widget-wrap elementor-element-populated\">\n\t\t\t\t\t\t<div class=\"elementor-element elementor-element-0f1bbb4 exad-sticky-section-no exad-glass-effect-no elementor-widget elementor-widget-video\" data-id=\"0f1bbb4\" data-element_type=\"widget\" data-e-type=\"widget\" data-settings=\"{&quot;video_type&quot;:&quot;vimeo&quot;}\" data-widget_type=\"video.default\">\n\t\t\t\t<div class=\"elementor-widget-container\">\n\t\t\t\t\t\t\t<div class=\"elementor-wrapper elementor-open-inline\">\n\t\t\t<iframe class=\"elementor-video-iframe\" allowfullscreen allow=\"clipboard-write\" title=\"vimeo video player\" src=\"https:\/\/player.vimeo.com\/video\/823733582?color&amp;autopause=0&amp;loop=0&amp;muted=0&amp;title=1&amp;portrait=1&amp;byline=1#t=\"><\/iframe>\t\t<\/div>\n\t\t\t\t\t\t<\/div>\n\t\t\t\t<\/div>\n\t\t\t\t<div class=\"elementor-element elementor-element-84167b5 exad-sticky-section-no exad-glass-effect-no elementor-widget elementor-widget-text-editor\" data-id=\"84167b5\" data-element_type=\"widget\" data-e-type=\"widget\" data-widget_type=\"text-editor.default\">\n\t\t\t\t<div class=\"elementor-widget-container\">\n\t\t\t\t\t\t\t\t\t<p>Thomas Reiner in conversation at interpack 2023<\/p>\t\t\t\t\t\t\t\t<\/div>\n\t\t\t\t<\/div>\n\t\t\t\t\t<\/div>\n\t\t<\/div>\n\t\t\t\t<div class=\"elementor-column elementor-col-50 elementor-inner-column elementor-element elementor-element-241edbc exad-glass-effect-no exad-sticky-section-no\" data-id=\"241edbc\" data-element_type=\"column\" data-e-type=\"column\">\n\t\t\t<div class=\"elementor-widget-wrap elementor-element-populated\">\n\t\t\t\t\t\t<div class=\"elementor-element elementor-element-b7fada2 exad-sticky-section-no exad-glass-effect-no elementor-widget elementor-widget-video\" data-id=\"b7fada2\" data-element_type=\"widget\" data-e-type=\"widget\" data-settings=\"{&quot;video_type&quot;:&quot;vimeo&quot;}\" data-widget_type=\"video.default\">\n\t\t\t\t<div class=\"elementor-widget-container\">\n\t\t\t\t\t\t\t<div class=\"elementor-wrapper elementor-open-inline\">\n\t\t\t<iframe class=\"elementor-video-iframe\" allowfullscreen allow=\"clipboard-write\" title=\"vimeo video player\" src=\"https:\/\/player.vimeo.com\/video\/815227908?color&amp;autopause=0&amp;loop=0&amp;muted=0&amp;title=1&amp;portrait=1&amp;byline=1#t=\"><\/iframe>\t\t<\/div>\n\t\t\t\t\t\t<\/div>\n\t\t\t\t<\/div>\n\t\t\t\t<div class=\"elementor-element elementor-element-978a6bb exad-sticky-section-no exad-glass-effect-no elementor-widget elementor-widget-text-editor\" data-id=\"978a6bb\" data-element_type=\"widget\" data-e-type=\"widget\" data-widget_type=\"text-editor.default\">\n\t\t\t\t<div class=\"elementor-widget-container\">\n\t\t\t\t\t\t\t\t\t<p>Thomas Reiner at the German Packaging Congress 2023<\/p>\t\t\t\t\t\t\t\t<\/div>\n\t\t\t\t<\/div>\n\t\t\t\t\t<\/div>\n\t\t<\/div>\n\t\t\t\t\t<\/div>\n\t\t<\/section>\n\t\t\t\t<div class=\"elementor-element elementor-element-0d113d2 exad-sticky-section-no exad-glass-effect-no elementor-widget elementor-widget-spacer\" data-id=\"0d113d2\" data-element_type=\"widget\" data-e-type=\"widget\" data-widget_type=\"spacer.default\">\n\t\t\t\t<div class=\"elementor-widget-container\">\n\t\t\t\t\t\t\t<div class=\"elementor-spacer\">\n\t\t\t<div class=\"elementor-spacer-inner\"><\/div>\n\t\t<\/div>\n\t\t\t\t\t\t<\/div>\n\t\t\t\t<\/div>\n\t\t\t\t\t<\/div>\n\t\t<\/div>\n\t\t\t\t\t<\/div>\n\t\t<\/section>\n\t\t\t\t<section data-exad-particle-enable=\"false\" class=\"elementor-section elementor-top-section elementor-element elementor-element-4f369641 elementor-section-boxed elementor-section-height-default elementor-section-height-default exad-parallax-effect-no exad-background-color-change-no exad-glass-effect-no exad-sticky-section-no\" data-id=\"4f369641\" data-element_type=\"section\" data-e-type=\"section\" data-settings=\"{&quot;background_background&quot;:&quot;classic&quot;}\">\n\t\t\t\t\t\t<div class=\"elementor-container elementor-column-gap-default\">\n\t\t\t\t\t<div class=\"elementor-column elementor-col-100 elementor-top-column elementor-element elementor-element-5962d6a8 exad-glass-effect-no exad-sticky-section-no\" data-id=\"5962d6a8\" data-element_type=\"column\" data-e-type=\"column\">\n\t\t\t<div class=\"elementor-widget-wrap elementor-element-populated\">\n\t\t\t\t\t\t<div class=\"elementor-element elementor-element-bb03992 exad-sticky-section-no exad-glass-effect-no elementor-widget elementor-widget-image\" data-id=\"bb03992\" data-element_type=\"widget\" data-e-type=\"widget\" data-widget_type=\"image.default\">\n\t\t\t\t<div class=\"elementor-widget-container\">\n\t\t\t\t\t\t\t\t\t\t\t\t\t\t\t<img decoding=\"async\" width=\"300\" height=\"300\" src=\"https:\/\/packaging-journal.de\/wp-content\/uploads\/2022\/08\/packaging-people-podcast-cover-300x300.jpg\" class=\"attachment-medium size-medium wp-image-66321\" alt=\"\" srcset=\"https:\/\/packaging-journal.de\/wp-content\/uploads\/2022\/08\/packaging-people-podcast-cover-300x300.jpg 300w, https:\/\/packaging-journal.de\/wp-content\/uploads\/2022\/08\/packaging-people-podcast-cover-1024x1024.jpg 1024w, https:\/\/packaging-journal.de\/wp-content\/uploads\/2022\/08\/packaging-people-podcast-cover-150x150.jpg 150w, https:\/\/packaging-journal.de\/wp-content\/uploads\/2022\/08\/packaging-people-podcast-cover-768x768.jpg 768w, https:\/\/packaging-journal.de\/wp-content\/uploads\/2022\/08\/packaging-people-podcast-cover-1320x1320.jpg 1320w, https:\/\/packaging-journal.de\/wp-content\/uploads\/2022\/08\/packaging-people-podcast-cover.jpg 1500w\" sizes=\"(max-width: 300px) 100vw, 300px\" \/>\t\t\t\t\t\t\t\t\t\t\t\t\t\t\t<\/div>\n\t\t\t\t<\/div>\n\t\t\t\t<div class=\"elementor-element elementor-element-83c4bbf exad-sticky-section-no exad-glass-effect-no elementor-widget elementor-widget-text-editor\" data-id=\"83c4bbf\" data-element_type=\"widget\" data-e-type=\"widget\" data-widget_type=\"text-editor.default\">\n\t\t\t\t<div class=\"elementor-widget-container\">\n\t\t\t\t\t\t\t\t\t<p><strong>packaging people<\/strong>, the podcast from packaging journal and interpack will be published from August onwards <strong>once a month<\/strong>. It can be accessed via all known podcast portals, such as <a href=\"https:\/\/podcasts.apple.com\/podcast\/id1636322486\" target=\"_blank\" rel=\"noopener\">Apple Podcasts<\/a>, <a href=\"https:\/\/open.spotify.com\/show\/6thM2dFWaO2mHq9D5cVUOR\" target=\"_blank\" rel=\"noopener\">Spotify<\/a>, <a href=\"https:\/\/music.amazon.de\/podcasts\/670d2c18-edcb-4185-b2eb-80bf904edce9\/packaging-people\" target=\"_blank\" rel=\"noopener\">Amazon Music<\/a>, <a href=\"https:\/\/www.deezer.com\/show\/3915807\" target=\"_blank\" rel=\"noopener\">Deezer<\/a> or <a href=\"https:\/\/podcasts.google.com\/subscribe-by-rss-feed?feed=aHR0cHM6Ly9wYWNrYWdpbmctcGVvcGxlLnBvZGlnZWUuaW8vZmVlZC9tcDM%3D\" target=\"_blank\" rel=\"noopener\">Google Podcasts<\/a> and subscribed to. It is also available on the online pages of <a href=\"https:\/\/packaging-journal.de\/podcast\/\">packaging journal<\/a> and <a href=\"https:\/\/www.interpack.de\/de\/TIGHTLY_PACKED_Podcast\" target=\"_blank\" rel=\"noopener\">interpack<\/a>.<\/p>\t\t\t\t\t\t\t\t<\/div>\n\t\t\t\t<\/div>\n\t\t\t\t\t<\/div>\n\t\t<\/div>\n\t\t\t\t\t<\/div>\n\t\t<\/section>\n\t\t\t\t<\/div>","protected":false},"excerpt":{"rendered":"He is the former chairman of the German Packaging Institute, was a board member of the World Packaging Organisation and now advises major companies and brands in the industry. Thomas Reiner, CEO of Berndt + Partner GmbH, has been passionate about packaging for years.","protected":false},"author":7,"featured_media":85365,"comment_status":"closed","ping_status":"closed","sticky":false,"template":"","format":"standard","meta":{"_acf_changed":false,"__cvm_playback_settings":[],"__cvm_video_id":"","rank_math_description":"Er ber\u00e4t die gro\u00dfen Unternehmen und Marken der Branche. Thomas Reiner, CEO der Berndt + Partner GmbH, begeistert sich seit Jahren f\u00fcr die Verpackung","rank_math_focus_keyword":"Berndt + partner","rank_math_title":"","csco_display_header_overlay":false,"csco_singular_sidebar":"","csco_page_header_type":"","csco_page_load_nextpost":"","csco_post_video_location":[],"csco_post_video_location_hash":"","csco_post_video_url":"","csco_post_video_bg_start_time":0,"csco_post_video_bg_end_time":0,"footnotes":"","_links_to":"","_links_to_target":""},"categories":[22],"tags":[59817,54,59787,32,59786],"class_list":{"0":"post-85364","1":"post","2":"type-post","3":"status-publish","4":"format-standard","5":"has-post-thumbnail","7":"category-packmittel-und-packstoffe","8":"tag-berndtpartner-creality","9":"tag-kunststoff-und-verbunde","10":"tag-packaging-people","11":"tag-packmittel-und-packstoffe","12":"tag-podcast","13":"cs-entry","14":"cs-video-wrap"},"acf":[],"vimeo_video":null,"_links":{"self":[{"href":"https:\/\/packaging-journal.de\/en\/wp-json\/wp\/v2\/posts\/85364","targetHints":{"allow":["GET"]}}],"collection":[{"href":"https:\/\/packaging-journal.de\/en\/wp-json\/wp\/v2\/posts"}],"about":[{"href":"https:\/\/packaging-journal.de\/en\/wp-json\/wp\/v2\/types\/post"}],"author":[{"embeddable":true,"href":"https:\/\/packaging-journal.de\/en\/wp-json\/wp\/v2\/users\/7"}],"replies":[{"embeddable":true,"href":"https:\/\/packaging-journal.de\/en\/wp-json\/wp\/v2\/comments?post=85364"}],"version-history":[{"count":0,"href":"https:\/\/packaging-journal.de\/en\/wp-json\/wp\/v2\/posts\/85364\/revisions"}],"wp:featuredmedia":[{"embeddable":true,"href":"https:\/\/packaging-journal.de\/en\/wp-json\/wp\/v2\/media\/85365"}],"wp:attachment":[{"href":"https:\/\/packaging-journal.de\/en\/wp-json\/wp\/v2\/media?parent=85364"}],"wp:term":[{"taxonomy":"category","embeddable":true,"href":"https:\/\/packaging-journal.de\/en\/wp-json\/wp\/v2\/categories?post=85364"},{"taxonomy":"post_tag","embeddable":true,"href":"https:\/\/packaging-journal.de\/en\/wp-json\/wp\/v2\/tags?post=85364"}],"curies":[{"name":"wp","href":"https:\/\/api.w.org\/{rel}","templated":true}]}}