{"id":85436,"date":"2023-09-12T13:44:59","date_gmt":"2023-09-12T11:44:59","guid":{"rendered":"https:\/\/packaging-journal.de\/?p=85436"},"modified":"2023-09-12T13:44:59","modified_gmt":"2023-09-12T11:44:59","slug":"innovative-labelling-solutions","status":"publish","type":"post","link":"https:\/\/packaging-journal.de\/en\/innovative-loesungen-etikettenherstellung\/","title":{"rendered":"Innovative solutions for simple label production"},"content":{"rendered":"<div data-elementor-type=\"wp-post\" data-elementor-id=\"85436\" class=\"elementor elementor-85436\" data-elementor-post-type=\"post\">\n\t\t\t\t\t\t<section data-exad-particle-enable=\"false\" class=\"elementor-section elementor-top-section elementor-element elementor-element-3b08ccc elementor-section-boxed elementor-section-height-default elementor-section-height-default exad-parallax-effect-no exad-background-color-change-no exad-glass-effect-no exad-sticky-section-no\" data-id=\"3b08ccc\" data-element_type=\"section\" data-e-type=\"section\">\n\t\t\t\t\t\t<div class=\"elementor-container elementor-column-gap-default\">\n\t\t\t\t\t<div class=\"elementor-column elementor-col-100 elementor-top-column elementor-element elementor-element-5bdae01 exad-glass-effect-no exad-sticky-section-no\" data-id=\"5bdae01\" data-element_type=\"column\" data-e-type=\"column\">\n\t\t\t<div class=\"elementor-widget-wrap elementor-element-populated\">\n\t\t\t\t\t\t<div class=\"elementor-element elementor-element-d600147 exad-sticky-section-no exad-glass-effect-no elementor-widget elementor-widget-text-editor\" data-id=\"d600147\" data-element_type=\"widget\" data-e-type=\"widget\" data-widget_type=\"text-editor.default\">\n\t\t\t\t<div class=\"elementor-widget-container\">\n\t\t\t\t\t\t\t\t\t<p><strong>At Labelexpo in Brussels, Bobst not only presents new solutions and innovations for label production, but also talks about developments within the company and new partnerships.\u00a0<\/strong><\/p>\t\t\t\t\t\t\t\t<\/div>\n\t\t\t\t<\/div>\n\t\t\t\t<div class=\"elementor-element elementor-element-bebe546 exad-sticky-section-no exad-glass-effect-no elementor-widget elementor-widget-text-editor\" data-id=\"bebe546\" data-element_type=\"widget\" data-e-type=\"widget\" data-widget_type=\"text-editor.default\">\n\t\t\t\t<div class=\"elementor-widget-container\">\n\t\t\t\t\t\t\t\t\t<p class=\"styles_paragraph__GiKq6\">In line with its industry vision, the <a href=\"https:\/\/packaging-journal.de\/?s=Bobst\">Bobst<\/a> emphasised its commitment to the development of innovations for label production. These innovations include a <strong>Digital label printing machine and an inkjet module for fast printing with white ink with high opacity<\/strong>. The company also emphasises the importance of cooperation with industry partners as a key factor for growth.<\/p><blockquote><p class=\"styles_paragraph__GiKq6\">\u201eWith our strong presence at Labelexpo Europe 2023, we want to demonstrate that Bobst has the most convincing solutions for the challenges in narrow web printing - not only for today, but also for the future. We have strategically developed our technology to combine automation, digitalisation and connectivity with the sustainability requirements of a constantly evolving market. As a leading driver of innovation in these four areas, Bobst simplifies label production. At the same time, label manufacturers can open up additional opportunities with our innovative solutions.\u201c<\/p><p><strong>Matteo Cardinotti<\/strong>, Managing Director of the Labels Product Line<\/p><\/blockquote><p class=\"styles_paragraph__GiKq6\">At Labelexpo, the company will be showcasing solutions for label production. With the DIGITAL EXPERT 340, Bobst has introduced a roll-to-roll label printing machine based on the same solid platform as the DIGITAL MASTER series. The press operates at a speed of 65 m\/min - this can be upgraded to 100 m\/min - and offers the <strong>Option to integrate a flexographic printing unit<\/strong>. The DIGITAL EXPERT 340 is the latest evolution of the company's digital-only presses, featuring inkjet cluster technology with 1,200 x 1,200 dpi resolution, higher output and maximum versatility.<\/p><div class=\"packa-in-post-alle\" style=\"text-align: center;\" id=\"packa-2591687956\"><div id=\"packa-3860908600\"><a data-no-instant=\"1\" href=\"https:\/\/packaging-journal.de\/en\/newsletter\/\" rel=\"noopener\" class=\"a2t-link\" target=\"_blank\" aria-label=\"PJ Self-promotion English 03\"><!--noptimize--><img src=\"https:\/\/packaging-journal.de\/wp-content\/uploads\/2026\/01\/PJ-Eigenwerbung-English-03.png\" alt=\"\"  srcset=\"https:\/\/packaging-journal.de\/wp-content\/uploads\/2026\/01\/PJ-Eigenwerbung-English-03.png 840w, https:\/\/packaging-journal.de\/wp-content\/uploads\/2026\/01\/PJ-Eigenwerbung-English-03-300x75.png 300w, https:\/\/packaging-journal.de\/wp-content\/uploads\/2026\/01\/PJ-Eigenwerbung-English-03-768x192.png 768w, https:\/\/packaging-journal.de\/wp-content\/uploads\/2026\/01\/PJ-Eigenwerbung-English-03-18x5.png 18w, https:\/\/packaging-journal.de\/wp-content\/uploads\/2026\/01\/PJ-Eigenwerbung-English-03-332x83.png 332w, https:\/\/packaging-journal.de\/wp-content\/uploads\/2026\/01\/PJ-Eigenwerbung-English-03-664x166.png 664w, https:\/\/packaging-journal.de\/wp-content\/uploads\/2026\/01\/PJ-Eigenwerbung-English-03-688x172.png 688w\" sizes=\"(max-width: 840px) 100vw, 840px\" width=\"840\" height=\"210\"  style=\" max-width: 100%; height: auto;\" \/><!--\/noptimize--><\/a><\/div><\/div><p class=\"styles_paragraph__GiKq6\">The company has a <strong>New module for high-speed printing with white<\/strong> with high opacity. This module is based on inkjet technology and was designed for companies that require high productivity in the narrow web sector and want to produce the highest quality here. With an opacity of up to 72 per cent at 100 m\/min and 80 per cent opacity at 80 m\/min, this innovation once again expands the possibilities of the printing machines in the DIGITAL MASTER series.<\/p><p class=\"styles_paragraph__GiKq6\">Visitors to the trade fair will see <strong>Live demonstrations of the Bobst DIGITAL MASTER 340 all-in-one label press, which includes modules for digital and flexo printing, finishing, die-cutting and quality control.<\/strong> into one continuous process. The company is also emphasising its commitment to automation and sustainability of business processes with a high-end Bobst MASTER M6 flexographic printing press. With the functions of this printing press <strong>Label and packaging manufacturers minimise their waste and increase their efficiency at the same time<\/strong>.<\/p><div id=\"packa-2883222698\" class=\"packa-inhalt\"><!--noptimize--><script async src=\"https:\/\/pagead2.googlesyndication.com\/pagead\/js\/adsbygoogle.js?client=ca-pub-2686439340972671\" crossorigin=\"anonymous\"><\/script>\r\n<ins class=\"adsbygoogle\" style=\"display:block;text-align:center\" data-ad-layout=\"in-article\" data-ad-format=\"fluid\" data-ad-client=\"ca-pub-2686439340972671\" data-ad-slot=\"6171251825\"><\/ins>\r\n<script>\r\n     (adsbygoogle = window.adsbygoogle || []).push({});\r\n<\/script><!--\/noptimize--><\/div><p><em>Source:\u00a0<\/em><a href=\"http:\/\/www.bobst.com\" target=\"_blank\" rel=\"noopener\">Bobst<\/a><\/p><p><strong>Bobst at Labelexpo: Stand 3A59, 3A58<\/strong><\/p>\t\t\t\t\t\t\t\t<\/div>\n\t\t\t\t<\/div>\n\t\t\t\t\t<\/div>\n\t\t<\/div>\n\t\t\t\t\t<\/div>\n\t\t<\/section>\n\t\t\t\t<section data-exad-particle-enable=\"false\" class=\"elementor-section elementor-top-section elementor-element elementor-element-507cf1f elementor-section-boxed elementor-section-height-default elementor-section-height-default exad-parallax-effect-no exad-background-color-change-no exad-glass-effect-no exad-sticky-section-no\" data-id=\"507cf1f\" data-element_type=\"section\" data-e-type=\"section\" data-settings=\"{&quot;background_background&quot;:&quot;classic&quot;}\">\n\t\t\t\t\t\t<div class=\"elementor-container elementor-column-gap-default\">\n\t\t\t\t\t<div class=\"elementor-column elementor-col-100 elementor-top-column elementor-element elementor-element-7a07ea2c exad-glass-effect-no exad-sticky-section-no\" data-id=\"7a07ea2c\" data-element_type=\"column\" data-e-type=\"column\">\n\t\t\t<div class=\"elementor-widget-wrap elementor-element-populated\">\n\t\t\t\t\t\t<div class=\"elementor-element elementor-element-615d12a3 exad-sticky-section-no exad-glass-effect-no elementor-widget elementor-widget-heading\" data-id=\"615d12a3\" data-element_type=\"widget\" data-e-type=\"widget\" data-widget_type=\"heading.default\">\n\t\t\t\t<div class=\"elementor-widget-container\">\n\t\t\t\t\t<h2 class=\"elementor-heading-title elementor-size-default\">Mondi - More news<\/h2>\t\t\t\t<\/div>\n\t\t\t\t<\/div>\n\t\t\t\t<div class=\"elementor-element elementor-element-30167ca4 elementor-grid-3 elementor-grid-tablet-2 elementor-grid-mobile-1 elementor-posts--thumbnail-top elementor-posts__hover-gradient exad-sticky-section-no exad-glass-effect-no elementor-widget elementor-widget-posts\" data-id=\"30167ca4\" data-element_type=\"widget\" data-e-type=\"widget\" data-settings=\"{&quot;cards_row_gap&quot;:{&quot;unit&quot;:&quot;px&quot;,&quot;size&quot;:38,&quot;sizes&quot;:[]},&quot;cards_columns&quot;:&quot;3&quot;,&quot;cards_columns_tablet&quot;:&quot;2&quot;,&quot;cards_columns_mobile&quot;:&quot;1&quot;,&quot;cards_row_gap_tablet&quot;:{&quot;unit&quot;:&quot;px&quot;,&quot;size&quot;:&quot;&quot;,&quot;sizes&quot;:[]},&quot;cards_row_gap_mobile&quot;:{&quot;unit&quot;:&quot;px&quot;,&quot;size&quot;:&quot;&quot;,&quot;sizes&quot;:[]}}\" data-widget_type=\"posts.cards\">\n\t\t\t\t<div class=\"elementor-widget-container\">\n\t\t\t\t\t\t\t<div class=\"elementor-posts-container elementor-posts elementor-posts--skin-cards elementor-grid\" role=\"list\">\n\t\t\t\t<article class=\"elementor-post elementor-grid-item post-114234 post type-post status-publish format-standard has-post-thumbnail category-allgemein category-packmittel-und-packstoffe tag-lebensmittel tag-mondi tag-packmittel-und-packstoffe tag-papier-pappe-karton tag-verpackung cs-entry cs-video-wrap\" role=\"listitem\">\n\t\t\t<div class=\"elementor-post__card\">\n\t\t\t\t<a class=\"elementor-post__thumbnail__link\" href=\"https:\/\/packaging-journal.de\/en\/mondi-whitepaper-wellpappenverpackungen\/\" tabindex=\"-1\"><div class=\"elementor-post__thumbnail\"><img decoding=\"async\" width=\"300\" height=\"163\" src=\"https:\/\/packaging-journal.de\/wp-content\/uploads\/2026\/03\/mondi-wellpappe-300x163.jpg\" class=\"attachment-medium size-medium wp-image-114235\" alt=\"\" srcset=\"https:\/\/packaging-journal.de\/wp-content\/uploads\/2026\/03\/mondi-wellpappe-300x163.jpg 300w, https:\/\/packaging-journal.de\/wp-content\/uploads\/2026\/03\/mondi-wellpappe-1024x555.jpg 1024w, https:\/\/packaging-journal.de\/wp-content\/uploads\/2026\/03\/mondi-wellpappe-768x416.jpg 768w, https:\/\/packaging-journal.de\/wp-content\/uploads\/2026\/03\/mondi-wellpappe-18x10.jpg 18w, https:\/\/packaging-journal.de\/wp-content\/uploads\/2026\/03\/mondi-wellpappe-332x180.jpg 332w, https:\/\/packaging-journal.de\/wp-content\/uploads\/2026\/03\/mondi-wellpappe-664x360.jpg 664w, https:\/\/packaging-journal.de\/wp-content\/uploads\/2026\/03\/mondi-wellpappe-688x373.jpg 688w, https:\/\/packaging-journal.de\/wp-content\/uploads\/2026\/03\/mondi-wellpappe-1044x566.jpg 1044w, https:\/\/packaging-journal.de\/wp-content\/uploads\/2026\/03\/mondi-wellpappe.jpg 1200w\" sizes=\"(max-width: 300px) 100vw, 300px\" \/><\/div><\/a>\n\t\t\t\t<div class=\"elementor-post__text\">\n\t\t\t\t<h3 class=\"elementor-post__title\">\n\t\t\t<a href=\"https:\/\/packaging-journal.de\/en\/mondi-whitepaper-wellpappenverpackungen\/\">\n\t\t\t\tMondi: Corrugated cardboard packaging reduces food waste\t\t\t<\/a>\n\t\t<\/h3>\n\t\t\t\t<div class=\"elementor-post__excerpt\">\n\t\t\tMondi publishes the white paper \u201ePackaging as a competitive advantage in the food supply chain\u201c, providing food manufacturers, retailers and logistics partners with practical recommendations for action.\t\t<\/div>\n\t\t\n\t\t<a class=\"elementor-post__read-more\" href=\"https:\/\/packaging-journal.de\/en\/mondi-whitepaper-wellpappenverpackungen\/\" aria-label=\"Read more about Mondi: Corrugated board packaging reduces food waste\" tabindex=\"-1\">\n\t\t\tRead more \"\t\t<\/a>\n\n\t\t\t\t<\/div>\n\t\t\t\t\t<\/div>\n\t\t<\/article>\n\t\t\t\t<article class=\"elementor-post elementor-grid-item post-113190 post type-post status-publish format-standard has-post-thumbnail category-aus-den-unternehmen-news tag-aus-den-unternehmen tag-flexible-verpackungen tag-mondi tag-packmittel-und-packstoffe tag-papier-pappe-karton cs-entry cs-video-wrap\" role=\"listitem\">\n\t\t\t<div class=\"elementor-post__card\">\n\t\t\t\t<a class=\"elementor-post__thumbnail__link\" href=\"https:\/\/packaging-journal.de\/en\/mondi-schliesst-werke-in-europa\/\" tabindex=\"-1\"><div class=\"elementor-post__thumbnail\"><img decoding=\"async\" width=\"300\" height=\"163\" src=\"https:\/\/packaging-journal.de\/wp-content\/uploads\/2026\/02\/Mondi-2025-300x163.jpg\" class=\"attachment-medium size-medium wp-image-113193\" alt=\"\" srcset=\"https:\/\/packaging-journal.de\/wp-content\/uploads\/2026\/02\/Mondi-2025-300x163.jpg 300w, https:\/\/packaging-journal.de\/wp-content\/uploads\/2026\/02\/Mondi-2025-1024x555.jpg 1024w, https:\/\/packaging-journal.de\/wp-content\/uploads\/2026\/02\/Mondi-2025-768x416.jpg 768w, https:\/\/packaging-journal.de\/wp-content\/uploads\/2026\/02\/Mondi-2025-18x10.jpg 18w, https:\/\/packaging-journal.de\/wp-content\/uploads\/2026\/02\/Mondi-2025-332x180.jpg 332w, https:\/\/packaging-journal.de\/wp-content\/uploads\/2026\/02\/Mondi-2025-664x360.jpg 664w, https:\/\/packaging-journal.de\/wp-content\/uploads\/2026\/02\/Mondi-2025-688x373.jpg 688w, https:\/\/packaging-journal.de\/wp-content\/uploads\/2026\/02\/Mondi-2025-1044x566.jpg 1044w, https:\/\/packaging-journal.de\/wp-content\/uploads\/2026\/02\/Mondi-2025.jpg 1200w\" sizes=\"(max-width: 300px) 100vw, 300px\" \/><\/div><\/a>\n\t\t\t\t<div class=\"elementor-post__text\">\n\t\t\t\t<h3 class=\"elementor-post__title\">\n\t\t\t<a href=\"https:\/\/packaging-journal.de\/en\/mondi-schliesst-werke-in-europa\/\">\n\t\t\t\tMondi closes plants in Europe\t\t\t<\/a>\n\t\t<\/h3>\n\t\t\t\t<div class=\"elementor-post__excerpt\">\n\t\t\tThe company is responding to the persistently weak market situation with site closures.\t\t<\/div>\n\t\t\n\t\t<a class=\"elementor-post__read-more\" href=\"https:\/\/packaging-journal.de\/en\/mondi-schliesst-werke-in-europa\/\" aria-label=\"Read more about Mondi closes plants in Europe\" tabindex=\"-1\">\n\t\t\tRead more \"\t\t<\/a>\n\n\t\t\t\t<\/div>\n\t\t\t\t\t<\/div>\n\t\t<\/article>\n\t\t\t\t<article class=\"elementor-post elementor-grid-item post-113134 post type-post status-publish format-standard has-post-thumbnail category-green-packaging tag-lebensmittel tag-mondi tag-packmittel-und-packstoffe tag-papier-pappe-karton cs-entry cs-video-wrap\" role=\"listitem\">\n\t\t\t<div class=\"elementor-post__card\">\n\t\t\t\t<a class=\"elementor-post__thumbnail__link\" href=\"https:\/\/packaging-journal.de\/en\/mondi-papierbasierte-gewuerzverpackung\/\" tabindex=\"-1\"><div class=\"elementor-post__thumbnail\"><img decoding=\"async\" width=\"300\" height=\"163\" src=\"https:\/\/packaging-journal.de\/wp-content\/uploads\/2026\/02\/mondi-gewuerze-300x163.jpg\" class=\"attachment-medium size-medium wp-image-113135\" alt=\"\" srcset=\"https:\/\/packaging-journal.de\/wp-content\/uploads\/2026\/02\/mondi-gewuerze-300x163.jpg 300w, https:\/\/packaging-journal.de\/wp-content\/uploads\/2026\/02\/mondi-gewuerze-1024x555.jpg 1024w, https:\/\/packaging-journal.de\/wp-content\/uploads\/2026\/02\/mondi-gewuerze-768x416.jpg 768w, https:\/\/packaging-journal.de\/wp-content\/uploads\/2026\/02\/mondi-gewuerze-18x10.jpg 18w, https:\/\/packaging-journal.de\/wp-content\/uploads\/2026\/02\/mondi-gewuerze-332x180.jpg 332w, https:\/\/packaging-journal.de\/wp-content\/uploads\/2026\/02\/mondi-gewuerze-664x360.jpg 664w, https:\/\/packaging-journal.de\/wp-content\/uploads\/2026\/02\/mondi-gewuerze-688x373.jpg 688w, https:\/\/packaging-journal.de\/wp-content\/uploads\/2026\/02\/mondi-gewuerze-1044x566.jpg 1044w, https:\/\/packaging-journal.de\/wp-content\/uploads\/2026\/02\/mondi-gewuerze.jpg 1200w\" sizes=\"(max-width: 300px) 100vw, 300px\" \/><\/div><\/a>\n\t\t\t\t<div class=\"elementor-post__text\">\n\t\t\t\t<h3 class=\"elementor-post__title\">\n\t\t\t<a href=\"https:\/\/packaging-journal.de\/en\/mondi-papierbasierte-gewuerzverpackung\/\">\n\t\t\t\tMondi develops paper-based spice packaging\t\t\t<\/a>\n\t\t<\/h3>\n\t\t\t\t<div class=\"elementor-post__excerpt\">\n\t\t\tMondi and Prymat have jointly developed a recyclable, paper-based spice packaging with high barrier performance and reduced CO\u2082 emissions.\t\t<\/div>\n\t\t\n\t\t<a class=\"elementor-post__read-more\" href=\"https:\/\/packaging-journal.de\/en\/mondi-papierbasierte-gewuerzverpackung\/\" aria-label=\"Read more about Mondi develops paper-based spice packaging\" tabindex=\"-1\">\n\t\t\tRead more \"\t\t<\/a>\n\n\t\t\t\t<\/div>\n\t\t\t\t\t<\/div>\n\t\t<\/article>\n\t\t\t\t<article class=\"elementor-post elementor-grid-item post-110649 post type-post status-publish format-standard has-post-thumbnail category-packmittel-und-packstoffe tag-e-commerce tag-mondi tag-packmittel-und-packstoffe tag-papier-pappe-karton tag-transportverpackung cs-entry cs-video-wrap\" role=\"listitem\">\n\t\t\t<div class=\"elementor-post__card\">\n\t\t\t\t<a class=\"elementor-post__thumbnail__link\" href=\"https:\/\/packaging-journal.de\/en\/mondi-entwickelt-recyclingfaehige-papierverpackung-fuer-fahrraeder\/\" tabindex=\"-1\"><div class=\"elementor-post__thumbnail\"><img loading=\"lazy\" decoding=\"async\" width=\"300\" height=\"163\" src=\"https:\/\/packaging-journal.de\/wp-content\/uploads\/2026\/01\/Polana-Bikes-300x163.jpg\" class=\"attachment-medium size-medium wp-image-110651\" alt=\"\" srcset=\"https:\/\/packaging-journal.de\/wp-content\/uploads\/2026\/01\/Polana-Bikes-300x163.jpg 300w, https:\/\/packaging-journal.de\/wp-content\/uploads\/2026\/01\/Polana-Bikes-1024x555.jpg 1024w, https:\/\/packaging-journal.de\/wp-content\/uploads\/2026\/01\/Polana-Bikes-768x416.jpg 768w, https:\/\/packaging-journal.de\/wp-content\/uploads\/2026\/01\/Polana-Bikes-18x10.jpg 18w, https:\/\/packaging-journal.de\/wp-content\/uploads\/2026\/01\/Polana-Bikes.jpg 1200w\" sizes=\"(max-width: 300px) 100vw, 300px\" \/><\/div><\/a>\n\t\t\t\t<div class=\"elementor-post__text\">\n\t\t\t\t<h3 class=\"elementor-post__title\">\n\t\t\t<a href=\"https:\/\/packaging-journal.de\/en\/mondi-entwickelt-recyclingfaehige-papierverpackung-fuer-fahrraeder\/\">\n\t\t\t\tMondi develops recyclable paper packaging for bicycles\t\t\t<\/a>\n\t\t<\/h3>\n\t\t\t\t<div class=\"elementor-post__excerpt\">\n\t\t\tMondi has developed a new paper-based packaging solution together with bicycle manufacturer Polana Bikes.\t\t<\/div>\n\t\t\n\t\t<a class=\"elementor-post__read-more\" href=\"https:\/\/packaging-journal.de\/en\/mondi-entwickelt-recyclingfaehige-papierverpackung-fuer-fahrraeder\/\" aria-label=\"Read more about Mondi develops recyclable paper packaging for bicycles\" tabindex=\"-1\">\n\t\t\tRead more \"\t\t<\/a>\n\n\t\t\t\t<\/div>\n\t\t\t\t\t<\/div>\n\t\t<\/article>\n\t\t\t\t<article class=\"elementor-post elementor-grid-item post-110049 post type-post status-publish format-standard has-post-thumbnail category-packmittel-und-packstoffe category-stars-der-verpackung tag-delkeskamp tag-design-for-human-nature tag-deutscher-verpackungspreis tag-dvi tag-floeter tag-illig tag-kallfass tag-kao tag-kloeckner-pentaplast tag-kolb tag-mondi tag-papacks tag-preisverleihung tag-smurfit-westrock tag-sti-group tag-werner-und-mertz tag-wipf cs-entry cs-video-wrap\" role=\"listitem\">\n\t\t\t<div class=\"elementor-post__card\">\n\t\t\t\t<a class=\"elementor-post__thumbnail__link\" href=\"https:\/\/packaging-journal.de\/en\/top-ten-2025-deutscher-verpackungspreis-2025-das-sind-die-gewinner\/\" tabindex=\"-1\"><div class=\"elementor-post__thumbnail\"><img loading=\"lazy\" decoding=\"async\" width=\"300\" height=\"163\" src=\"https:\/\/packaging-journal.de\/wp-content\/uploads\/2025\/12\/pj-top-ten-2025-6-300x163.jpg\" class=\"attachment-medium size-medium wp-image-110051\" alt=\"\" srcset=\"https:\/\/packaging-journal.de\/wp-content\/uploads\/2025\/12\/pj-top-ten-2025-6-300x163.jpg 300w, https:\/\/packaging-journal.de\/wp-content\/uploads\/2025\/12\/pj-top-ten-2025-6-1024x555.jpg 1024w, https:\/\/packaging-journal.de\/wp-content\/uploads\/2025\/12\/pj-top-ten-2025-6-768x416.jpg 768w, https:\/\/packaging-journal.de\/wp-content\/uploads\/2025\/12\/pj-top-ten-2025-6-18x10.jpg 18w, https:\/\/packaging-journal.de\/wp-content\/uploads\/2025\/12\/pj-top-ten-2025-6.jpg 1200w\" sizes=\"(max-width: 300px) 100vw, 300px\" \/><\/div><\/a>\n\t\t\t\t<div class=\"elementor-post__text\">\n\t\t\t\t<h3 class=\"elementor-post__title\">\n\t\t\t<a href=\"https:\/\/packaging-journal.de\/en\/top-ten-2025-deutscher-verpackungspreis-2025-das-sind-die-gewinner\/\">\n\t\t\t\tTop Ten 2025: German Packaging Award 2025 - These are the winners\t\t\t<\/a>\n\t\t<\/h3>\n\t\t\t\t<div class=\"elementor-post__excerpt\">\n\t\t\tAs 2025 draws to a close, we take a look back at the topics that have particularly moved the packaging industry. From innovative packaging solutions to trends in sustainability, we take a look at the top ten contributions from 2025 - today with number 6.\t\t<\/div>\n\t\t\n\t\t<a class=\"elementor-post__read-more\" href=\"https:\/\/packaging-journal.de\/en\/top-ten-2025-deutscher-verpackungspreis-2025-das-sind-die-gewinner\/\" aria-label=\"Read more about Top Ten 2025: German Packaging Award 2025 - These are the winners\" tabindex=\"-1\">\n\t\t\tRead more \"\t\t<\/a>\n\n\t\t\t\t<\/div>\n\t\t\t\t\t<\/div>\n\t\t<\/article>\n\t\t\t\t<article class=\"elementor-post elementor-grid-item post-109580 post type-post status-publish format-standard has-post-thumbnail category-aus-den-unternehmen-news tag-aus-den-unternehmen tag-e-commerce tag-mondi tag-packmittel-und-packstoffe tag-papier-pappe-karton cs-entry cs-video-wrap\" role=\"listitem\">\n\t\t\t<div class=\"elementor-post__card\">\n\t\t\t\t<a class=\"elementor-post__thumbnail__link\" href=\"https:\/\/packaging-journal.de\/en\/mondi-weiht-neue-papiermaschine-im-werk-steti-offiziell-ein\/\" tabindex=\"-1\"><div class=\"elementor-post__thumbnail\"><img loading=\"lazy\" decoding=\"async\" width=\"300\" height=\"163\" src=\"https:\/\/packaging-journal.de\/wp-content\/uploads\/2025\/12\/Mondi-Einweihung-300x163.jpg\" class=\"attachment-medium size-medium wp-image-109584\" alt=\"\" srcset=\"https:\/\/packaging-journal.de\/wp-content\/uploads\/2025\/12\/Mondi-Einweihung-300x163.jpg 300w, https:\/\/packaging-journal.de\/wp-content\/uploads\/2025\/12\/Mondi-Einweihung-1024x555.jpg 1024w, https:\/\/packaging-journal.de\/wp-content\/uploads\/2025\/12\/Mondi-Einweihung-768x416.jpg 768w, https:\/\/packaging-journal.de\/wp-content\/uploads\/2025\/12\/Mondi-Einweihung-18x10.jpg 18w, https:\/\/packaging-journal.de\/wp-content\/uploads\/2025\/12\/Mondi-Einweihung.jpg 1200w\" sizes=\"(max-width: 300px) 100vw, 300px\" \/><\/div><\/a>\n\t\t\t\t<div class=\"elementor-post__text\">\n\t\t\t\t<h3 class=\"elementor-post__title\">\n\t\t\t<a href=\"https:\/\/packaging-journal.de\/en\/mondi-weiht-neue-papiermaschine-im-werk-steti-offiziell-ein\/\">\n\t\t\t\tMondi officially inaugurates new paper machine at \u0160t\u011bt\u00ed mill\t\t\t<\/a>\n\t\t<\/h3>\n\t\t\t\t<div class=\"elementor-post__excerpt\">\n\t\t\tAccording to the company, the machine produces around 210,000 tonnes of kraft paper in various grammages every year.\t\t<\/div>\n\t\t\n\t\t<a class=\"elementor-post__read-more\" href=\"https:\/\/packaging-journal.de\/en\/mondi-weiht-neue-papiermaschine-im-werk-steti-offiziell-ein\/\" aria-label=\"Read more about Mondi officially inaugurates new paper machine at \u0160t\u011bt\u00ed mill\" tabindex=\"-1\">\n\t\t\tRead more \"\t\t<\/a>\n\n\t\t\t\t<\/div>\n\t\t\t\t\t<\/div>\n\t\t<\/article>\n\t\t\t\t<\/div>\n\t\t\n\t\t\t\t\t\t<\/div>\n\t\t\t\t<\/div>\n\t\t\t\t\t<\/div>\n\t\t<\/div>\n\t\t\t\t\t<\/div>\n\t\t<\/section>\n\t\t\t\t<\/div>","protected":false},"excerpt":{"rendered":"At Labelexpo, Bobst will be presenting new solutions and innovations for label production and will also be talking about developments within the company.","protected":false},"author":1,"featured_media":85440,"comment_status":"closed","ping_status":"closed","sticky":false,"template":"","format":"standard","meta":{"_acf_changed":false,"__cvm_playback_settings":[],"__cvm_video_id":"","rank_math_description":"Auf der Labelexpo zeigt Bobst neue L\u00f6sungen und Innovationen f\u00fcr die Etikettenherstellung und spricht auch \u00fcber Entwicklungen im Unternehmen.","rank_math_focus_keyword":"etikettenherstellung,bobst","rank_math_title":"","csco_display_header_overlay":false,"csco_singular_sidebar":"","csco_page_header_type":"","csco_page_load_nextpost":"","csco_post_video_location":[],"csco_post_video_location_hash":"","csco_post_video_url":"","csco_post_video_bg_start_time":0,"csco_post_video_bg_end_time":0,"footnotes":"","_links_to":"","_links_to_target":""},"categories":[21],"tags":[58721,42,32846,59142,70],"class_list":{"0":"post-85436","1":"post","2":"type-post","3":"status-publish","4":"format-standard","5":"has-post-thumbnail","7":"category-verpackungstechnik","8":"tag-bobst","9":"tag-etikettieren-kennzeichnen-codieren","10":"tag-labelexpo","11":"tag-news-express","12":"tag-verpackungsmaschinen","13":"cs-entry","14":"cs-video-wrap"},"acf":[],"vimeo_video":null,"_links":{"self":[{"href":"https:\/\/packaging-journal.de\/en\/wp-json\/wp\/v2\/posts\/85436","targetHints":{"allow":["GET"]}}],"collection":[{"href":"https:\/\/packaging-journal.de\/en\/wp-json\/wp\/v2\/posts"}],"about":[{"href":"https:\/\/packaging-journal.de\/en\/wp-json\/wp\/v2\/types\/post"}],"author":[{"embeddable":true,"href":"https:\/\/packaging-journal.de\/en\/wp-json\/wp\/v2\/users\/1"}],"replies":[{"embeddable":true,"href":"https:\/\/packaging-journal.de\/en\/wp-json\/wp\/v2\/comments?post=85436"}],"version-history":[{"count":0,"href":"https:\/\/packaging-journal.de\/en\/wp-json\/wp\/v2\/posts\/85436\/revisions"}],"wp:featuredmedia":[{"embeddable":true,"href":"https:\/\/packaging-journal.de\/en\/wp-json\/wp\/v2\/media\/85440"}],"wp:attachment":[{"href":"https:\/\/packaging-journal.de\/en\/wp-json\/wp\/v2\/media?parent=85436"}],"wp:term":[{"taxonomy":"category","embeddable":true,"href":"https:\/\/packaging-journal.de\/en\/wp-json\/wp\/v2\/categories?post=85436"},{"taxonomy":"post_tag","embeddable":true,"href":"https:\/\/packaging-journal.de\/en\/wp-json\/wp\/v2\/tags?post=85436"}],"curies":[{"name":"wp","href":"https:\/\/api.w.org\/{rel}","templated":true}]}}