{"id":86921,"date":"2023-10-23T10:17:49","date_gmt":"2023-10-23T08:17:49","guid":{"rendered":"https:\/\/packaging-journal.de\/?p=86921"},"modified":"2023-10-23T10:17:49","modified_gmt":"2023-10-23T08:17:49","slug":"baumer-smart-automation-with-sensors","status":"publish","type":"post","link":"https:\/\/packaging-journal.de\/en\/baumer-smarte-automatisierung-mit-sensoren\/","title":{"rendered":"Baumer: Smart automation starts with the sensor"},"content":{"rendered":"<div data-elementor-type=\"wp-post\" data-elementor-id=\"86921\" class=\"elementor elementor-86921\" data-elementor-post-type=\"post\">\n\t\t\t\t<div class=\"elementor-element elementor-element-7dc5a06 e-flex e-con-boxed e-con e-parent\" data-id=\"7dc5a06\" data-element_type=\"container\" data-e-type=\"container\">\n\t\t\t\t\t<div class=\"e-con-inner\">\n\t\t\t\t<div class=\"elementor-element elementor-element-c8edb65 exad-sticky-section-no exad-glass-effect-no elementor-widget elementor-widget-text-editor\" data-id=\"c8edb65\" data-element_type=\"widget\" data-e-type=\"widget\" data-widget_type=\"text-editor.default\">\n\t\t\t\t<div class=\"elementor-widget-container\">\n\t\t\t\t\t\t\t\t\t<p><strong>Sensor specialist Baumer will be presenting its latest solutions for intelligent factory and process automation at SPS. For example, the focus is on reliable detection of fill levels, simple code reading, as well as positioning and inspection with little effort.<\/strong><\/p>\t\t\t\t\t\t\t\t<\/div>\n\t\t\t\t<\/div>\n\t\t\t\t\t<\/div>\n\t\t\t\t<\/div>\n\t\t<div class=\"elementor-element elementor-element-51031fd e-flex e-con-boxed e-con e-parent\" data-id=\"51031fd\" data-element_type=\"container\" data-e-type=\"container\">\n\t\t\t\t\t<div class=\"e-con-inner\">\n\t\t\t\t<div class=\"elementor-element elementor-element-97a13a9 exad-sticky-section-no exad-glass-effect-no elementor-widget elementor-widget-text-editor\" data-id=\"97a13a9\" data-element_type=\"widget\" data-e-type=\"widget\" data-widget_type=\"text-editor.default\">\n\t\t\t\t<div class=\"elementor-widget-container\">\n\t\t\t\t\t\t\t\t\t<p>Where conventional sensors reach their limits with films and residues, the new PL240 capacitive sensor guarantees reliable point level detection thanks to its innovative measuring principle. <strong>The sensor can detect fill levels through container walls without contact<\/strong> and is unimpressed by build-up and condensation on plastic or glass containers with wall thicknesses of up to six millimetres.<\/p><p>The IDC200 camera-based multicode reader identifies all common 1D and 2D codes and therefore offers the following benefits <strong>Efficient options for identification and tracking<\/strong> of components and products.<\/p><div class=\"packa-in-post-alle\" style=\"text-align: center;\" id=\"packa-2351311349\"><div id=\"packa-1289102304\"><a data-no-instant=\"1\" href=\"https:\/\/packaging-journal.de\/en\/newsletter\/\" rel=\"noopener\" class=\"a2t-link\" target=\"_blank\" aria-label=\"PJ Self-promotion English 03\"><!--noptimize--><img src=\"https:\/\/packaging-journal.de\/wp-content\/uploads\/2026\/01\/PJ-Eigenwerbung-English-03.png\" alt=\"\"  srcset=\"https:\/\/packaging-journal.de\/wp-content\/uploads\/2026\/01\/PJ-Eigenwerbung-English-03.png 840w, https:\/\/packaging-journal.de\/wp-content\/uploads\/2026\/01\/PJ-Eigenwerbung-English-03-300x75.png 300w, https:\/\/packaging-journal.de\/wp-content\/uploads\/2026\/01\/PJ-Eigenwerbung-English-03-768x192.png 768w, https:\/\/packaging-journal.de\/wp-content\/uploads\/2026\/01\/PJ-Eigenwerbung-English-03-18x5.png 18w, https:\/\/packaging-journal.de\/wp-content\/uploads\/2026\/01\/PJ-Eigenwerbung-English-03-332x83.png 332w, https:\/\/packaging-journal.de\/wp-content\/uploads\/2026\/01\/PJ-Eigenwerbung-English-03-664x166.png 664w, https:\/\/packaging-journal.de\/wp-content\/uploads\/2026\/01\/PJ-Eigenwerbung-English-03-688x172.png 688w\" sizes=\"(max-width: 840px) 100vw, 840px\" width=\"840\" height=\"210\"  style=\" max-width: 100%; height: auto;\" \/><!--\/noptimize--><\/a><\/div><\/div><p>With the smart 2D profile sensors of the new OX series sensor class (image), a wide range of demanding applications can be realised.<strong> Positioning and inspection tasks can be solved particularly economically<\/strong>. A comprehensive set of tools enables the complete processing of profile data directly in the intelligent sensor.<\/p><p>The portfolio of inductive sensors offers fully digital sensors with IO-Link Dual Channel: As a special <strong>Highlights especially for confined installation spaces<\/strong> the company will be presenting the new cubic models of the IF200 and IF250 series with special performance.<\/p><div id=\"packa-1547453209\" class=\"packa-inhalt\"><!--noptimize--><script async src=\"https:\/\/pagead2.googlesyndication.com\/pagead\/js\/adsbygoogle.js?client=ca-pub-2686439340972671\" crossorigin=\"anonymous\"><\/script>\r\n<ins class=\"adsbygoogle\" style=\"display:block;text-align:center\" data-ad-layout=\"in-article\" data-ad-format=\"fluid\" data-ad-client=\"ca-pub-2686439340972671\" data-ad-slot=\"6171251825\"><\/ins>\r\n<script>\r\n     (adsbygoogle = window.adsbygoogle || []).push({});\r\n<\/script><!--\/noptimize--><\/div><p>The company is further expanding its position in magnetic encoders: The particularly robust EAM580RS encoder in a certified safety design simplifies engineering and system acceptance in safety-relevant fields of application. Another new product is the EB360 rotary encoder. <strong>Thanks to hermetically sealed electronics<\/strong> it detects rotary movements reliably and permanently in any environment in the smallest of installation spaces.<\/p>\t\t\t\t\t\t\t\t<\/div>\n\t\t\t\t<\/div>\n\t\t\t\t\t<\/div>\n\t\t\t\t<\/div>\n\t\t<div class=\"elementor-element elementor-element-5339c89 e-flex e-con-boxed e-con e-parent\" data-id=\"5339c89\" data-element_type=\"container\" data-e-type=\"container\">\n\t\t\t\t\t<div class=\"e-con-inner\">\n\t\t\t\t<div class=\"elementor-element elementor-element-c32bcf6 exad-sticky-section-no exad-glass-effect-no elementor-widget elementor-widget-heading\" data-id=\"c32bcf6\" data-element_type=\"widget\" data-e-type=\"widget\" data-widget_type=\"heading.default\">\n\t\t\t\t<div class=\"elementor-widget-container\">\n\t\t\t\t\t<h2 class=\"elementor-heading-title elementor-size-default\">Test products live<\/h2>\t\t\t\t<\/div>\n\t\t\t\t<\/div>\n\t\t\t\t\t<\/div>\n\t\t\t\t<\/div>\n\t\t<div class=\"elementor-element elementor-element-5f5ccb1 e-flex e-con-boxed e-con e-parent\" data-id=\"5f5ccb1\" data-element_type=\"container\" data-e-type=\"container\">\n\t\t\t\t\t<div class=\"e-con-inner\">\n\t\t\t\t<div class=\"elementor-element elementor-element-4f3d918 exad-sticky-section-no exad-glass-effect-no elementor-widget elementor-widget-text-editor\" data-id=\"4f3d918\" data-element_type=\"widget\" data-e-type=\"widget\" data-widget_type=\"text-editor.default\">\n\t\t\t\t<div class=\"elementor-widget-container\">\n\t\t\t\t\t\t\t\t\t<p><strong>In a special area next to the main stand<\/strong> visitors can see for themselves how demanding automation tasks can be solved with Baumer sensors. Highlight products such as the smart 2D profile sensors from the OX series can be tested. The connectivity experts will also be giving live demonstrations, <strong>how IO-Link devices can be easily connected and parameterised<\/strong>. The sensor workshop also focuses on high-performance photoelectric sensors and light scanners for assembly and handling technology.<\/p><p><em>Source:<\/em> <a href=\"https:\/\/www.baumer.com\/de\/de\" target=\"_blank\" rel=\"noopener\">Baumer<\/a><\/p><p><strong>Baumer at the SPS: Hall 4A, Stand 345 and 351<\/strong><\/p>\t\t\t\t\t\t\t\t<\/div>\n\t\t\t\t<\/div>\n\t\t\t\t\t<\/div>\n\t\t\t\t<\/div>\n\t\t\t\t<section data-exad-particle-enable=\"false\" class=\"elementor-section elementor-top-section elementor-element elementor-element-54c0526e elementor-section-boxed elementor-section-height-default elementor-section-height-default exad-parallax-effect-no exad-background-color-change-no exad-glass-effect-no exad-sticky-section-no\" data-id=\"54c0526e\" data-element_type=\"section\" data-e-type=\"section\" data-settings=\"{&quot;background_background&quot;:&quot;classic&quot;}\">\n\t\t\t\t\t\t<div class=\"elementor-container elementor-column-gap-default\">\n\t\t\t\t\t<div class=\"elementor-column elementor-col-100 elementor-top-column elementor-element elementor-element-3d1e7d99 exad-glass-effect-no exad-sticky-section-no\" data-id=\"3d1e7d99\" data-element_type=\"column\" data-e-type=\"column\">\n\t\t\t<div class=\"elementor-widget-wrap elementor-element-populated\">\n\t\t\t\t\t\t<div class=\"elementor-element elementor-element-625ebc2f exad-sticky-section-no exad-glass-effect-no elementor-widget elementor-widget-heading\" data-id=\"625ebc2f\" data-element_type=\"widget\" data-e-type=\"widget\" data-widget_type=\"heading.default\">\n\t\t\t\t<div class=\"elementor-widget-container\">\n\t\t\t\t\t<h2 class=\"elementor-heading-title elementor-size-default\">SPS - More news<\/h2>\t\t\t\t<\/div>\n\t\t\t\t<\/div>\n\t\t\t\t<div class=\"elementor-element elementor-element-1459b45b elementor-grid-3 elementor-grid-tablet-2 elementor-grid-mobile-1 elementor-posts--thumbnail-top elementor-posts__hover-gradient exad-sticky-section-no exad-glass-effect-no elementor-widget elementor-widget-posts\" data-id=\"1459b45b\" data-element_type=\"widget\" data-e-type=\"widget\" data-settings=\"{&quot;cards_row_gap&quot;:{&quot;unit&quot;:&quot;px&quot;,&quot;size&quot;:38,&quot;sizes&quot;:[]},&quot;cards_columns&quot;:&quot;3&quot;,&quot;cards_columns_tablet&quot;:&quot;2&quot;,&quot;cards_columns_mobile&quot;:&quot;1&quot;,&quot;cards_row_gap_tablet&quot;:{&quot;unit&quot;:&quot;px&quot;,&quot;size&quot;:&quot;&quot;,&quot;sizes&quot;:[]},&quot;cards_row_gap_mobile&quot;:{&quot;unit&quot;:&quot;px&quot;,&quot;size&quot;:&quot;&quot;,&quot;sizes&quot;:[]}}\" data-widget_type=\"posts.cards\">\n\t\t\t\t<div class=\"elementor-widget-container\">\n\t\t\t\t\t\t\t<div class=\"elementor-posts-container elementor-posts elementor-posts--skin-cards elementor-grid\" role=\"list\">\n\t\t\t\t<article class=\"elementor-post elementor-grid-item post-109109 post type-post status-publish format-standard has-post-thumbnail category-verpackungstechnik tag-automatisieren-und-robotik tag-leuze tag-news-express tag-sps-ipc-drives post_format-post-format-standard cs-entry cs-video-wrap\" role=\"listitem\">\n\t\t\t<div class=\"elementor-post__card\">\n\t\t\t\t<a class=\"elementor-post__thumbnail__link\" href=\"https:\/\/packaging-journal.de\/en\/positionierung-per-barcode\/\" tabindex=\"-1\"><div class=\"elementor-post__thumbnail\"><img fetchpriority=\"high\" decoding=\"async\" width=\"300\" height=\"225\" src=\"https:\/\/packaging-journal.de\/wp-content\/uploads\/2025\/11\/VB-SPS-Leuze-Laserscanner-300x225.jpg\" class=\"attachment-medium size-medium wp-image-109110\" alt=\"\" srcset=\"https:\/\/packaging-journal.de\/wp-content\/uploads\/2025\/11\/VB-SPS-Leuze-Laserscanner-300x225.jpg 300w, https:\/\/packaging-journal.de\/wp-content\/uploads\/2025\/11\/VB-SPS-Leuze-Laserscanner-1024x768.jpg 1024w, https:\/\/packaging-journal.de\/wp-content\/uploads\/2025\/11\/VB-SPS-Leuze-Laserscanner-768x576.jpg 768w, https:\/\/packaging-journal.de\/wp-content\/uploads\/2025\/11\/VB-SPS-Leuze-Laserscanner-16x12.jpg 16w, https:\/\/packaging-journal.de\/wp-content\/uploads\/2025\/11\/VB-SPS-Leuze-Laserscanner.jpg 1200w\" sizes=\"(max-width: 300px) 100vw, 300px\" \/><\/div><\/a>\n\t\t\t\t<div class=\"elementor-post__text\">\n\t\t\t\t<h3 class=\"elementor-post__title\">\n\t\t\t<a href=\"https:\/\/packaging-journal.de\/en\/positionierung-per-barcode\/\">\n\t\t\t\tPositioning by barcode\t\t\t<\/a>\n\t\t<\/h3>\n\t\t\t\t<div class=\"elementor-post__excerpt\">\n\t\t\tOnce again this year, interested visitors can find out more about the latest technology topics and innovations at the stand of Leuze electronic GmbH + Co KG, Owen. For example, the company will be presenting its safe barcode positioning system FBPS 600i in an additional version with a PROFIsafe interface. This makes it particularly easy to implement safety functions.\t\t<\/div>\n\t\t\n\t\t<a class=\"elementor-post__read-more\" href=\"https:\/\/packaging-journal.de\/en\/positionierung-per-barcode\/\" aria-label=\"Read more about Positioning by barcode\" tabindex=\"-1\">\n\t\t\tRead more \"\t\t<\/a>\n\n\t\t\t\t<\/div>\n\t\t\t\t\t<\/div>\n\t\t<\/article>\n\t\t\t\t<article class=\"elementor-post elementor-grid-item post-109105 post type-post status-publish format-standard has-post-thumbnail category-verpackungstechnik tag-automatisieren-und-robotik tag-news-express tag-pilz tag-sps-ipc-drives post_format-post-format-standard cs-entry cs-video-wrap\" role=\"listitem\">\n\t\t\t<div class=\"elementor-post__card\">\n\t\t\t\t<a class=\"elementor-post__thumbnail__link\" href=\"https:\/\/packaging-journal.de\/en\/gesamten-lebenszyklus-digital-managen\/\" tabindex=\"-1\"><div class=\"elementor-post__thumbnail\"><img decoding=\"async\" width=\"300\" height=\"175\" src=\"https:\/\/packaging-journal.de\/wp-content\/uploads\/2025\/11\/VB-SPS-Pilz-models-585-300x175.jpg\" class=\"attachment-medium size-medium wp-image-109106\" alt=\"\" srcset=\"https:\/\/packaging-journal.de\/wp-content\/uploads\/2025\/11\/VB-SPS-Pilz-models-585-300x175.jpg 300w, https:\/\/packaging-journal.de\/wp-content\/uploads\/2025\/11\/VB-SPS-Pilz-models-585-1024x598.jpg 1024w, https:\/\/packaging-journal.de\/wp-content\/uploads\/2025\/11\/VB-SPS-Pilz-models-585-768x449.jpg 768w, https:\/\/packaging-journal.de\/wp-content\/uploads\/2025\/11\/VB-SPS-Pilz-models-585-18x12.jpg 18w, https:\/\/packaging-journal.de\/wp-content\/uploads\/2025\/11\/VB-SPS-Pilz-models-585.jpg 1200w\" sizes=\"(max-width: 300px) 100vw, 300px\" \/><\/div><\/a>\n\t\t\t\t<div class=\"elementor-post__text\">\n\t\t\t\t<h3 class=\"elementor-post__title\">\n\t\t\t<a href=\"https:\/\/packaging-journal.de\/en\/gesamten-lebenszyklus-digital-managen\/\">\n\t\t\t\tManage the entire life cycle digitally\t\t\t<\/a>\n\t\t<\/h3>\n\t\t\t\t<div class=\"elementor-post__excerpt\">\n\t\t\tHow do automation solutions with safety and security support and help shape the digital transformation in production? Pilz GmbH &amp; Co. KG, Ostfildern, will be premiering a product at its sps stand.\t\t<\/div>\n\t\t\n\t\t<a class=\"elementor-post__read-more\" href=\"https:\/\/packaging-journal.de\/en\/gesamten-lebenszyklus-digital-managen\/\" aria-label=\"Read more about Managing the entire life cycle digitally\" tabindex=\"-1\">\n\t\t\tRead more \"\t\t<\/a>\n\n\t\t\t\t<\/div>\n\t\t\t\t\t<\/div>\n\t\t<\/article>\n\t\t\t\t<article class=\"elementor-post elementor-grid-item post-109119 post type-post status-publish format-standard has-post-thumbnail category-verpackungstechnik tag-news-express tag-seifert-systems tag-sps-ipc-drives post_format-post-format-standard cs-entry cs-video-wrap\" role=\"listitem\">\n\t\t\t<div class=\"elementor-post__card\">\n\t\t\t\t<a class=\"elementor-post__thumbnail__link\" href=\"https:\/\/packaging-journal.de\/en\/solivent-pro-neues-entlueftungselement-von-seifert-systems\/\" tabindex=\"-1\"><div class=\"elementor-post__thumbnail\"><img decoding=\"async\" width=\"300\" height=\"163\" src=\"https:\/\/packaging-journal.de\/wp-content\/uploads\/2025\/11\/Seifert-Filter-300x163.jpg\" class=\"attachment-medium size-medium wp-image-109120\" alt=\"\" srcset=\"https:\/\/packaging-journal.de\/wp-content\/uploads\/2025\/11\/Seifert-Filter-300x163.jpg 300w, https:\/\/packaging-journal.de\/wp-content\/uploads\/2025\/11\/Seifert-Filter-1024x555.jpg 1024w, https:\/\/packaging-journal.de\/wp-content\/uploads\/2025\/11\/Seifert-Filter-768x416.jpg 768w, https:\/\/packaging-journal.de\/wp-content\/uploads\/2025\/11\/Seifert-Filter-18x10.jpg 18w, https:\/\/packaging-journal.de\/wp-content\/uploads\/2025\/11\/Seifert-Filter.jpg 1200w\" sizes=\"(max-width: 300px) 100vw, 300px\" \/><\/div><\/a>\n\t\t\t\t<div class=\"elementor-post__text\">\n\t\t\t\t<h3 class=\"elementor-post__title\">\n\t\t\t<a href=\"https:\/\/packaging-journal.de\/en\/solivent-pro-neues-entlueftungselement-von-seifert-systems\/\">\n\t\t\t\tSoliVent Pro: New venting element from Seifert Systems\t\t\t<\/a>\n\t\t<\/h3>\n\t\t\t\t<div class=\"elementor-post__excerpt\">\n\t\t\tSeifert Systems is launching the SoliVent Pro, a new pressure-equalising venting element for enclosures. It protects against dust, water and pressure fluctuations.\t\t<\/div>\n\t\t\n\t\t<a class=\"elementor-post__read-more\" href=\"https:\/\/packaging-journal.de\/en\/solivent-pro-neues-entlueftungselement-von-seifert-systems\/\" aria-label=\"Read more about SoliVent Pro: New venting element from Seifert Systems\" tabindex=\"-1\">\n\t\t\tRead more \"\t\t<\/a>\n\n\t\t\t\t<\/div>\n\t\t\t\t\t<\/div>\n\t\t<\/article>\n\t\t\t\t<article class=\"elementor-post elementor-grid-item post-109115 post type-post status-publish format-standard has-post-thumbnail category-verpackungstechnik tag-automatisieren-und-robotik tag-br tag-news-express tag-sps-ipc-drives post_format-post-format-standard cs-entry cs-video-wrap\" role=\"listitem\">\n\t\t\t<div class=\"elementor-post__card\">\n\t\t\t\t<a class=\"elementor-post__thumbnail__link\" href=\"https:\/\/packaging-journal.de\/en\/mehr-leistungsdichte-und-hoehere-rechenleistung\/\" tabindex=\"-1\"><div class=\"elementor-post__thumbnail\"><img loading=\"lazy\" decoding=\"async\" width=\"300\" height=\"211\" src=\"https:\/\/packaging-journal.de\/wp-content\/uploads\/2025\/11\/VB-SPS-BuR-ACOPOS-P3-Upgrade-300x211.jpg\" class=\"attachment-medium size-medium wp-image-109116\" alt=\"\" srcset=\"https:\/\/packaging-journal.de\/wp-content\/uploads\/2025\/11\/VB-SPS-BuR-ACOPOS-P3-Upgrade-300x211.jpg 300w, https:\/\/packaging-journal.de\/wp-content\/uploads\/2025\/11\/VB-SPS-BuR-ACOPOS-P3-Upgrade-1024x720.jpg 1024w, https:\/\/packaging-journal.de\/wp-content\/uploads\/2025\/11\/VB-SPS-BuR-ACOPOS-P3-Upgrade-768x540.jpg 768w, https:\/\/packaging-journal.de\/wp-content\/uploads\/2025\/11\/VB-SPS-BuR-ACOPOS-P3-Upgrade-18x12.jpg 18w, https:\/\/packaging-journal.de\/wp-content\/uploads\/2025\/11\/VB-SPS-BuR-ACOPOS-P3-Upgrade.jpg 1200w\" sizes=\"(max-width: 300px) 100vw, 300px\" \/><\/div><\/a>\n\t\t\t\t<div class=\"elementor-post__text\">\n\t\t\t\t<h3 class=\"elementor-post__title\">\n\t\t\t<a href=\"https:\/\/packaging-journal.de\/en\/mehr-leistungsdichte-und-hoehere-rechenleistung\/\">\n\t\t\t\tMore power density and higher computing power\t\t\t<\/a>\n\t\t<\/h3>\n\t\t\t\t<div class=\"elementor-post__excerpt\">\n\t\t\tThe future of adaptive manufacturing is at the centre of the activities of B&amp;R Industrial Automation GmbH, Eggelsberg (Austria): ABB's Machine Automation Division will be demonstrating in Nuremberg how even complex challenges can be transformed into customised solutions and how automation can be rethought. New solutions, live demonstrations and product highlights are designed to drive efficiency, flexibility and innovation worldwide.\t\t<\/div>\n\t\t\n\t\t<a class=\"elementor-post__read-more\" href=\"https:\/\/packaging-journal.de\/en\/mehr-leistungsdichte-und-hoehere-rechenleistung\/\" aria-label=\"Read more about More power density and higher computing power\" tabindex=\"-1\">\n\t\t\tRead more \"\t\t<\/a>\n\n\t\t\t\t<\/div>\n\t\t\t\t\t<\/div>\n\t\t<\/article>\n\t\t\t\t<article class=\"elementor-post elementor-grid-item post-109113 post type-post status-publish format-standard has-post-thumbnail category-verpackungstechnik tag-automatisieren-und-robotik tag-bachmann tag-news-express tag-sps-ipc-drives post_format-post-format-standard cs-entry cs-video-wrap\" role=\"listitem\">\n\t\t\t<div class=\"elementor-post__card\">\n\t\t\t\t<a class=\"elementor-post__thumbnail__link\" href=\"https:\/\/packaging-journal.de\/en\/neue-produktfamilie-panel-pcs\/\" tabindex=\"-1\"><div class=\"elementor-post__thumbnail\"><img loading=\"lazy\" decoding=\"async\" width=\"300\" height=\"163\" src=\"https:\/\/packaging-journal.de\/wp-content\/uploads\/2025\/11\/Bachmann-Panel-300x163.jpg\" class=\"attachment-medium size-medium wp-image-109114\" alt=\"\" srcset=\"https:\/\/packaging-journal.de\/wp-content\/uploads\/2025\/11\/Bachmann-Panel-300x163.jpg 300w, https:\/\/packaging-journal.de\/wp-content\/uploads\/2025\/11\/Bachmann-Panel-1024x555.jpg 1024w, https:\/\/packaging-journal.de\/wp-content\/uploads\/2025\/11\/Bachmann-Panel-768x416.jpg 768w, https:\/\/packaging-journal.de\/wp-content\/uploads\/2025\/11\/Bachmann-Panel-18x10.jpg 18w, https:\/\/packaging-journal.de\/wp-content\/uploads\/2025\/11\/Bachmann-Panel.jpg 1200w\" sizes=\"(max-width: 300px) 100vw, 300px\" \/><\/div><\/a>\n\t\t\t\t<div class=\"elementor-post__text\">\n\t\t\t\t<h3 class=\"elementor-post__title\">\n\t\t\t<a href=\"https:\/\/packaging-journal.de\/en\/neue-produktfamilie-panel-pcs\/\">\n\t\t\t\tNew Panel PC product family\t\t\t<\/a>\n\t\t<\/h3>\n\t\t\t\t<div class=\"elementor-post__excerpt\">\n\t\t\tBachmann electronic GmbH, headquartered in Feldkirch, Austria, focuses on automation solutions that set trends. Visualisation and condition monitoring of machines and systems are a core competence of the company. A new product family of panel PCs has been developed for the market.\t\t<\/div>\n\t\t\n\t\t<a class=\"elementor-post__read-more\" href=\"https:\/\/packaging-journal.de\/en\/neue-produktfamilie-panel-pcs\/\" aria-label=\"Read more about New Panel PC product family\" tabindex=\"-1\">\n\t\t\tRead more \"\t\t<\/a>\n\n\t\t\t\t<\/div>\n\t\t\t\t\t<\/div>\n\t\t<\/article>\n\t\t\t\t<article class=\"elementor-post elementor-grid-item post-109103 post type-post status-publish format-standard has-post-thumbnail category-verpackungstechnik tag-automatisieren-und-robotik tag-news-express tag-sew-eurodrive tag-sps-ipc-drives post_format-post-format-standard cs-entry cs-video-wrap\" role=\"listitem\">\n\t\t\t<div class=\"elementor-post__card\">\n\t\t\t\t<a class=\"elementor-post__thumbnail__link\" href=\"https:\/\/packaging-journal.de\/en\/ganzheitliches-energieeffizientes-system\/\" tabindex=\"-1\"><div class=\"elementor-post__thumbnail\"><img loading=\"lazy\" decoding=\"async\" width=\"300\" height=\"200\" src=\"https:\/\/packaging-journal.de\/wp-content\/uploads\/2025\/11\/VB-SPS-SEW-MOVI-C-Antriebsstrang-300x200.jpg\" class=\"attachment-medium size-medium wp-image-109104\" alt=\"\" srcset=\"https:\/\/packaging-journal.de\/wp-content\/uploads\/2025\/11\/VB-SPS-SEW-MOVI-C-Antriebsstrang-300x200.jpg 300w, https:\/\/packaging-journal.de\/wp-content\/uploads\/2025\/11\/VB-SPS-SEW-MOVI-C-Antriebsstrang-1024x683.jpg 1024w, https:\/\/packaging-journal.de\/wp-content\/uploads\/2025\/11\/VB-SPS-SEW-MOVI-C-Antriebsstrang-768x512.jpg 768w, https:\/\/packaging-journal.de\/wp-content\/uploads\/2025\/11\/VB-SPS-SEW-MOVI-C-Antriebsstrang-18x12.jpg 18w, https:\/\/packaging-journal.de\/wp-content\/uploads\/2025\/11\/VB-SPS-SEW-MOVI-C-Antriebsstrang.jpg 1200w\" sizes=\"(max-width: 300px) 100vw, 300px\" \/><\/div><\/a>\n\t\t\t\t<div class=\"elementor-post__text\">\n\t\t\t\t<h3 class=\"elementor-post__title\">\n\t\t\t<a href=\"https:\/\/packaging-journal.de\/en\/ganzheitliches-energieeffizientes-system\/\">\n\t\t\t\tHolistic energy-efficient system\t\t\t<\/a>\n\t\t<\/h3>\n\t\t\t\t<div class=\"elementor-post__excerpt\">\n\t\t\tWith MOVI-C, SEW-Eurodrive GmbH &amp; Co KG, Bruchsal, presents an integrated solution for plant and mechanical engineering that can efficiently and future-proof the entire drive train from the gearbox to the motor and frequency inverter to data management.\t\t<\/div>\n\t\t\n\t\t<a class=\"elementor-post__read-more\" href=\"https:\/\/packaging-journal.de\/en\/ganzheitliches-energieeffizientes-system\/\" aria-label=\"Read more about Holistic energy-efficient system\" tabindex=\"-1\">\n\t\t\tRead more \"\t\t<\/a>\n\n\t\t\t\t<\/div>\n\t\t\t\t\t<\/div>\n\t\t<\/article>\n\t\t\t\t<\/div>\n\t\t\n\t\t\t\t\t\t<\/div>\n\t\t\t\t<\/div>\n\t\t\t\t\t<\/div>\n\t\t<\/div>\n\t\t\t\t\t<\/div>\n\t\t<\/section>\n\t\t\t\t<\/div>","protected":false},"excerpt":{"rendered":"Baumer will be presenting solutions for intelligent factory and process automation at the SPS. The focus is on the reliable detection of fill levels, simple reading of codes, as well as positioning and inspection with little effort.","protected":false},"author":20,"featured_media":86922,"comment_status":"closed","ping_status":"closed","sticky":false,"template":"","format":"standard","meta":{"_acf_changed":false,"__cvm_playback_settings":[],"__cvm_video_id":"","rank_math_description":"Sensorspezialist Baumer pr\u00e4sentiert auf der SPS seine neuesten L\u00f6sungen f\u00fcr die intelligente Fabrik- und Prozessautomation.","rank_math_focus_keyword":"Baumer","rank_math_title":"","csco_display_header_overlay":false,"csco_singular_sidebar":"","csco_page_header_type":"","csco_page_load_nextpost":"","csco_post_video_location":[],"csco_post_video_location_hash":"","csco_post_video_url":"","csco_post_video_bg_start_time":0,"csco_post_video_bg_end_time":0,"footnotes":"","_links_to":"","_links_to_target":""},"categories":[21],"tags":[58776,59,94,39],"class_list":{"0":"post-86921","1":"post","2":"type-post","3":"status-publish","4":"format-standard","5":"has-post-thumbnail","7":"category-verpackungstechnik","8":"tag-baumer","9":"tag-software-und-steuern","10":"tag-sps-ipc-drives","11":"tag-verpackungstechnik","12":"cs-entry","13":"cs-video-wrap"},"acf":[],"vimeo_video":null,"_links":{"self":[{"href":"https:\/\/packaging-journal.de\/en\/wp-json\/wp\/v2\/posts\/86921","targetHints":{"allow":["GET"]}}],"collection":[{"href":"https:\/\/packaging-journal.de\/en\/wp-json\/wp\/v2\/posts"}],"about":[{"href":"https:\/\/packaging-journal.de\/en\/wp-json\/wp\/v2\/types\/post"}],"author":[{"embeddable":true,"href":"https:\/\/packaging-journal.de\/en\/wp-json\/wp\/v2\/users\/20"}],"replies":[{"embeddable":true,"href":"https:\/\/packaging-journal.de\/en\/wp-json\/wp\/v2\/comments?post=86921"}],"version-history":[{"count":0,"href":"https:\/\/packaging-journal.de\/en\/wp-json\/wp\/v2\/posts\/86921\/revisions"}],"wp:featuredmedia":[{"embeddable":true,"href":"https:\/\/packaging-journal.de\/en\/wp-json\/wp\/v2\/media\/86922"}],"wp:attachment":[{"href":"https:\/\/packaging-journal.de\/en\/wp-json\/wp\/v2\/media?parent=86921"}],"wp:term":[{"taxonomy":"category","embeddable":true,"href":"https:\/\/packaging-journal.de\/en\/wp-json\/wp\/v2\/categories?post=86921"},{"taxonomy":"post_tag","embeddable":true,"href":"https:\/\/packaging-journal.de\/en\/wp-json\/wp\/v2\/tags?post=86921"}],"curies":[{"name":"wp","href":"https:\/\/api.w.org\/{rel}","templated":true}]}}