{"id":89465,"date":"2024-01-09T11:28:09","date_gmt":"2024-01-09T10:28:09","guid":{"rendered":"https:\/\/packaging-journal.de\/?p=89465"},"modified":"2024-01-09T11:28:09","modified_gmt":"2024-01-09T10:28:09","slug":"new-managing-director-forum-getraenkedose","status":"publish","type":"post","link":"https:\/\/packaging-journal.de\/en\/neuer-geschaeftsfuehrer-forum-getraenkedose\/","title":{"rendered":"New managing director for the Beverage Can Forum"},"content":{"rendered":"<p><strong>At the start of the new year, Forum Getr\u00e4nkedose (FGD) welcomes Felix Brandenburg as its new Managing Director. The Governmental Affairs Manager at the Ardagh Group replaces Claudia Bierth, European Public Affairs &amp; Sustainability Manager at Ball.<\/strong><\/p>\n<p>The role of spokesperson rotates between the representatives of the member companies. Brandenburg, whose career is deeply rooted in the governmental affairs sector, impresses with his comprehensive knowledge of the industry.<strong> Knowledge in the areas of European trade policy and public affairs<\/strong>. In his position as Governmental Affairs Manager at the Ardagh Group, he is also Chairman of the \u201eBeverage Can\u201c working group at Aluminium Germany. Previously, he worked as a sugar trader at the renowned August T\u00f6pfer Zuckerhandelsgesellschaft and as Managing Director at ASSUC - The European Association of Sugar Traders, where he gained valuable management experience. As a trainee at the European Commission, DG TRADE, Brandenburg acquired extensive expertise in European economic and trade policy.<\/p>\n<blockquote><p>\u201eI am delighted to be helping to shape the future of Forum Getr\u00e4nkedose as its new Managing Director. Our industry is facing exciting challenges and opportunities where sustainability, innovation and consumer interests are at the centre of our actions. Together with our members, partners and the team, my goal is to promote dialogue and further establish beverage packaging with the highest recycling rate in Germany as a modern and resource-saving packaging solution in the sense of the circular economy.\u201c<\/p>\n<p><strong>Felix Brandenburg<\/strong><\/p><\/blockquote>\n<p>The Beverage Can Forum is the voice of the beverage can industry in Germany and represents the packaging manufacturers Ardagh Group, Ball Beverage Packaging Europe and Crown Holdings. The aim of the forum is to educate, promote and communicate support for the beverage can as a sustainable packaging solution.<\/p><div class=\"packa-in-post-alle\" style=\"text-align: center;\" id=\"packa-836641709\"><div id=\"packa-2782735626\"><a data-no-instant=\"1\" href=\"https:\/\/packaging-journal.de\/en\/newsletter\/\" rel=\"noopener\" class=\"a2t-link\" target=\"_blank\" aria-label=\"PJ Self-promotion English 03\"><!--noptimize--><img src=\"https:\/\/packaging-journal.de\/wp-content\/uploads\/2026\/01\/PJ-Eigenwerbung-English-03.png\" alt=\"\"  srcset=\"https:\/\/packaging-journal.de\/wp-content\/uploads\/2026\/01\/PJ-Eigenwerbung-English-03.png 840w, https:\/\/packaging-journal.de\/wp-content\/uploads\/2026\/01\/PJ-Eigenwerbung-English-03-300x75.png 300w, https:\/\/packaging-journal.de\/wp-content\/uploads\/2026\/01\/PJ-Eigenwerbung-English-03-768x192.png 768w, https:\/\/packaging-journal.de\/wp-content\/uploads\/2026\/01\/PJ-Eigenwerbung-English-03-18x5.png 18w, https:\/\/packaging-journal.de\/wp-content\/uploads\/2026\/01\/PJ-Eigenwerbung-English-03-332x83.png 332w, https:\/\/packaging-journal.de\/wp-content\/uploads\/2026\/01\/PJ-Eigenwerbung-English-03-664x166.png 664w, https:\/\/packaging-journal.de\/wp-content\/uploads\/2026\/01\/PJ-Eigenwerbung-English-03-688x172.png 688w\" sizes=\"(max-width: 840px) 100vw, 840px\" width=\"840\" height=\"210\"  style=\" max-width: 100%; height: auto;\" \/><!--\/noptimize--><\/a><\/div><\/div>\n<p><em>Source:<\/em> Forum Beverage Can<\/p>","protected":false},"excerpt":{"rendered":"At the start of the new year, Forum Getr\u00e4nkedose (FGD) welcomes Felix Brandenburg as its new Managing Director.","protected":false},"author":20,"featured_media":89466,"comment_status":"closed","ping_status":"closed","sticky":false,"template":"","format":"standard","meta":{"_acf_changed":false,"__cvm_playback_settings":[],"__cvm_video_id":"","rank_math_description":"Mit Beginn des neuen Jahres begr\u00fc\u00dft das Forum Getr\u00e4nkedose (FGD) Felix Brandenburg als neuen Gesch\u00e4ftsf\u00fchrer.","rank_math_focus_keyword":"Forum Getr\u00e4nkedose","rank_math_title":"","csco_display_header_overlay":false,"csco_singular_sidebar":"","csco_page_header_type":"","csco_page_load_nextpost":"","csco_post_video_location":[],"csco_post_video_location_hash":"","csco_post_video_url":"","csco_post_video_bg_start_time":0,"csco_post_video_bg_end_time":0,"footnotes":"","_links_to":"","_links_to_target":""},"categories":[114],"tags":[59126,81,59142,32],"class_list":{"0":"post-89465","1":"post","2":"type-post","3":"status-publish","4":"format-standard","5":"has-post-thumbnail","7":"category-aus-den-unternehmen-news","8":"tag-forum-getraenkedose","9":"tag-metall","10":"tag-news-express","11":"tag-packmittel-und-packstoffe","12":"cs-entry","13":"cs-video-wrap"},"acf":[],"vimeo_video":null,"_links":{"self":[{"href":"https:\/\/packaging-journal.de\/en\/wp-json\/wp\/v2\/posts\/89465","targetHints":{"allow":["GET"]}}],"collection":[{"href":"https:\/\/packaging-journal.de\/en\/wp-json\/wp\/v2\/posts"}],"about":[{"href":"https:\/\/packaging-journal.de\/en\/wp-json\/wp\/v2\/types\/post"}],"author":[{"embeddable":true,"href":"https:\/\/packaging-journal.de\/en\/wp-json\/wp\/v2\/users\/20"}],"replies":[{"embeddable":true,"href":"https:\/\/packaging-journal.de\/en\/wp-json\/wp\/v2\/comments?post=89465"}],"version-history":[{"count":0,"href":"https:\/\/packaging-journal.de\/en\/wp-json\/wp\/v2\/posts\/89465\/revisions"}],"wp:featuredmedia":[{"embeddable":true,"href":"https:\/\/packaging-journal.de\/en\/wp-json\/wp\/v2\/media\/89466"}],"wp:attachment":[{"href":"https:\/\/packaging-journal.de\/en\/wp-json\/wp\/v2\/media?parent=89465"}],"wp:term":[{"taxonomy":"category","embeddable":true,"href":"https:\/\/packaging-journal.de\/en\/wp-json\/wp\/v2\/categories?post=89465"},{"taxonomy":"post_tag","embeddable":true,"href":"https:\/\/packaging-journal.de\/en\/wp-json\/wp\/v2\/tags?post=89465"}],"curies":[{"name":"wp","href":"https:\/\/api.w.org\/{rel}","templated":true}]}}