{"id":89755,"date":"2024-01-23T12:38:25","date_gmt":"2024-01-23T11:38:25","guid":{"rendered":"https:\/\/packaging-journal.de\/?p=89755"},"modified":"2024-01-23T15:11:56","modified_gmt":"2024-01-23T14:11:56","slug":"alpla-expands-into-the-caribbean","status":"publish","type":"post","link":"https:\/\/packaging-journal.de\/en\/alpla-expandiert-in-die-karibik\/","title":{"rendered":"Alpla expands into the Caribbean"},"content":{"rendered":"<p><strong>Buckets, canisters, crates, drums and closures: Alpla has acquired the packaging specialist Fortiflex, based in Puerto Rico. The two companies have been producing packaging for the Caribbean and Central American markets together since 2017. The acquisition of Fortiflex strengthens Alpla's ALPLAindustrial division for large-volume packaging solutions, which was founded in 2023, and expands its offering as a full-service provider.<\/strong><\/p>\n<p>The Alpla Group is stepping up the production of large-volume plastic packaging. The internationally active packaging and recycling specialist has acquired all shares in the packaging company Fortiflex, Inc. based in Puerto Rico. <strong>The two companies have been partners since 2017<\/strong> and produce buckets, lids, crates, tubs and other products at locations in Puerto Rico, Costa Rica and the Dominican Republic.<\/p>\n<p>Founded in 1975, Fortiflex is a packaging specialist with a <strong>Assortment of more than 700 products<\/strong> one of the leading manufacturers in Central America and the Caribbean.<\/p><div class=\"packa-in-post-alle\" style=\"text-align: center;\" id=\"packa-23217806\"><div id=\"packa-3431876262\"><a data-no-instant=\"1\" href=\"https:\/\/packaging-journal.de\/en\/newsletter\/\" rel=\"noopener\" class=\"a2t-link\" target=\"_blank\" aria-label=\"PJ Self-promotion English 03\"><!--noptimize--><img src=\"https:\/\/packaging-journal.de\/wp-content\/uploads\/2026\/01\/PJ-Eigenwerbung-English-03.png\" alt=\"\"  srcset=\"https:\/\/packaging-journal.de\/wp-content\/uploads\/2026\/01\/PJ-Eigenwerbung-English-03.png 840w, https:\/\/packaging-journal.de\/wp-content\/uploads\/2026\/01\/PJ-Eigenwerbung-English-03-300x75.png 300w, https:\/\/packaging-journal.de\/wp-content\/uploads\/2026\/01\/PJ-Eigenwerbung-English-03-768x192.png 768w, https:\/\/packaging-journal.de\/wp-content\/uploads\/2026\/01\/PJ-Eigenwerbung-English-03-18x5.png 18w, https:\/\/packaging-journal.de\/wp-content\/uploads\/2026\/01\/PJ-Eigenwerbung-English-03-332x83.png 332w, https:\/\/packaging-journal.de\/wp-content\/uploads\/2026\/01\/PJ-Eigenwerbung-English-03-664x166.png 664w, https:\/\/packaging-journal.de\/wp-content\/uploads\/2026\/01\/PJ-Eigenwerbung-English-03-688x172.png 688w\" sizes=\"(max-width: 840px) 100vw, 840px\" width=\"840\" height=\"210\"  style=\" max-width: 100%; height: auto;\" \/><!--\/noptimize--><\/a><\/div><\/div>\n<blockquote><p>\u201eBy acquiring Fortiflex, we are strengthening our position, expanding our portfolio and laying the foundations for further growth in the region. We are gaining decades of experience, recognised quality and state-of-the-art production lines.\u201c<\/p>\n<p><strong>Carlos Torres,<\/strong> Alpla Managing Director Mexico, Central America and the Caribbean.<\/p><\/blockquote>\n<p>All 102 employees were taken over by Alpla. The Fortiflex plants supply major regional and international customers in the construction, chemical and food industries. Production and export capacities are being continuously expanded and now include not only Central America and the Caribbean, but also South and North America. <strong>In 2023, Alpla and Fortiflex installed a new production line for buckets in Costa Rica<\/strong>. Further investments are planned.<\/p>\n<p>The integration of Fortiflex into the Alpla Group, combined with the portfolio of the ALPLAindustrial brand founded in 2023 and the company's recycling expertise, creates added value for customers in the region. \u201e<strong>The industrial container business has great potential<\/strong> and as a full-service provider, we also supply the closures and decorations,\u201c says Torres.<\/p><div id=\"packa-2913496402\" class=\"packa-inhalt\"><!--noptimize--><script async src=\"https:\/\/pagead2.googlesyndication.com\/pagead\/js\/adsbygoogle.js?client=ca-pub-2686439340972671\" crossorigin=\"anonymous\"><\/script>\r\n<ins class=\"adsbygoogle\" style=\"display:block;text-align:center\" data-ad-layout=\"in-article\" data-ad-format=\"fluid\" data-ad-client=\"ca-pub-2686439340972671\" data-ad-slot=\"6171251825\"><\/ins>\r\n<script>\r\n     (adsbygoogle = window.adsbygoogle || []).push({});\r\n<\/script><!--\/noptimize--><\/div>\n<p>The takeover was contractually agreed on 22 December 2023. The parties have agreed not to disclose the terms and conditions.<\/p>\n<p><em>Source:<\/em> <a href=\"https:\/\/www.alpla.com\/de\" target=\"_blank\" rel=\"noopener\">Alpla<\/a><\/p>","protected":false},"excerpt":{"rendered":"Alpla has acquired the packaging specialist Fortiflex, based in Puerto Rico, strengthening its ALPLAindustrial division for large-volume packaging solutions, which was founded in 2023.","protected":false},"author":20,"featured_media":89766,"comment_status":"closed","ping_status":"closed","sticky":false,"template":"","format":"standard","meta":{"_acf_changed":false,"__cvm_playback_settings":[],"__cvm_video_id":"","rank_math_description":"Alpla hat den Verpackungsspezialisten Fortiflex in Puerto Rico \u00fcbernommen und st\u00e4rkt damit seinen Bereich ALPLAindustrial f\u00fcr gro\u00dfvolumige Verpackungsl\u00f6sungen.","rank_math_focus_keyword":"Alpla","rank_math_title":"","csco_display_header_overlay":false,"csco_singular_sidebar":"","csco_page_header_type":"","csco_page_load_nextpost":"","csco_post_video_location":[],"csco_post_video_location_hash":"","csco_post_video_url":"","csco_post_video_bg_start_time":0,"csco_post_video_bg_end_time":0,"footnotes":"","_links_to":"","_links_to_target":""},"categories":[114],"tags":[65,58753,43,54,32],"class_list":{"0":"post-89755","1":"post","2":"type-post","3":"status-publish","4":"format-standard","5":"has-post-thumbnail","7":"category-aus-den-unternehmen-news","8":"tag-abfalltechnik-und-recycling","9":"tag-alpla","10":"tag-aus-den-unternehmen","11":"tag-kunststoff-und-verbunde","12":"tag-packmittel-und-packstoffe","13":"cs-entry","14":"cs-video-wrap"},"acf":[],"vimeo_video":null,"_links":{"self":[{"href":"https:\/\/packaging-journal.de\/en\/wp-json\/wp\/v2\/posts\/89755","targetHints":{"allow":["GET"]}}],"collection":[{"href":"https:\/\/packaging-journal.de\/en\/wp-json\/wp\/v2\/posts"}],"about":[{"href":"https:\/\/packaging-journal.de\/en\/wp-json\/wp\/v2\/types\/post"}],"author":[{"embeddable":true,"href":"https:\/\/packaging-journal.de\/en\/wp-json\/wp\/v2\/users\/20"}],"replies":[{"embeddable":true,"href":"https:\/\/packaging-journal.de\/en\/wp-json\/wp\/v2\/comments?post=89755"}],"version-history":[{"count":0,"href":"https:\/\/packaging-journal.de\/en\/wp-json\/wp\/v2\/posts\/89755\/revisions"}],"wp:featuredmedia":[{"embeddable":true,"href":"https:\/\/packaging-journal.de\/en\/wp-json\/wp\/v2\/media\/89766"}],"wp:attachment":[{"href":"https:\/\/packaging-journal.de\/en\/wp-json\/wp\/v2\/media?parent=89755"}],"wp:term":[{"taxonomy":"category","embeddable":true,"href":"https:\/\/packaging-journal.de\/en\/wp-json\/wp\/v2\/categories?post=89755"},{"taxonomy":"post_tag","embeddable":true,"href":"https:\/\/packaging-journal.de\/en\/wp-json\/wp\/v2\/tags?post=89755"}],"curies":[{"name":"wp","href":"https:\/\/api.w.org\/{rel}","templated":true}]}}