{"id":8977,"date":"2018-04-24T07:00:32","date_gmt":"2018-04-24T05:00:32","guid":{"rendered":"https:\/\/packaging-journal.de\/?p=8977"},"modified":"2018-11-30T16:38:43","modified_gmt":"2018-11-30T15:38:43","slug":"8977-2","status":"publish","type":"post","link":"https:\/\/packaging-journal.de\/en\/8977-2\/","title":{"rendered":"Thimm: first e-commerce startup for cardboard boxes"},"content":{"rendered":"<p>Auf seiner neuen E-Commerce Plattform <a href=\"http:\/\/www.kartonara.de\" rel=\"nofollow\">http:\/\/www.kartonara.de<\/a> bietet das Familienunternehmen Thimm standardisierte Verpackungen aus Wellpappe und Zubeh\u00f6r f\u00fcr die Warendistribution. Der Onlineshop er\u00f6ffnete im M\u00e4rz f\u00fcr gewerbliche und private Kunden. <strong>\u00a0<\/strong><\/p>\n<p>Im Sortiment finden sich neben standardisierten Kartons, Faltschachteln und Versandverpackungen aus Wellpappe auch Umzugsmaterialien und Zubeh\u00f6r wie Verschlussmittel, Polster- und F\u00fcllmaterialien. Eine Sortimentserweiterung um Kleinladungstr\u00e4ger, innovative Verpackungen f\u00fcr den E-Commerce und individualisierte Kartons ist geplant. Onlinekunden erhalten die Bestellungen direkt ab Lager, sodass diese in der Regel bereits am n\u00e4chsten Tag geliefert werden.<\/p>\n[infotext icon] Als 100 Prozent integriertes Unternehmen ist die <strong>Cartonara GmbH + Co. KG<\/strong> eine neue Gesellschaft der Firmengruppe Thimm. Der deutsche Onlinevertrieb erfolgt unter der Marke <strong>Kartonara<\/strong>. Mit Sitz in Northeim wurde das Startup zum Jahresende 2017 gegr\u00fcndet. Als Gesch\u00e4ftsf\u00fchrer wurden Kornelius Thimm und Michael Weber berufen.[\/infotext]\n<blockquote>\n<figure id=\"attachment_700\" aria-describedby=\"caption-attachment-700\" style=\"width: 408px\" class=\"wp-caption alignnone\"><img fetchpriority=\"high\" decoding=\"async\" class=\"wp-image-700\" title=\"Michael Weber, Thimm-Gruppe \" src=\"https:\/\/packaging-journal.de\/wp-content\/uploads\/2016\/12\/Thimm_Michael_Weber_w-1024x683.jpg\" alt=\"Michael Weber, Thimm-Gruppe (Bild: Thimm)\" width=\"408\" height=\"272\" srcset=\"https:\/\/packaging-journal.de\/wp-content\/uploads\/2016\/12\/Thimm_Michael_Weber_w.jpg 1024w, https:\/\/packaging-journal.de\/wp-content\/uploads\/2016\/12\/Thimm_Michael_Weber_w-600x400.jpg 600w, https:\/\/packaging-journal.de\/wp-content\/uploads\/2016\/12\/Thimm_Michael_Weber_w-300x200.jpg 300w, https:\/\/packaging-journal.de\/wp-content\/uploads\/2016\/12\/Thimm_Michael_Weber_w-768x512.jpg 768w\" sizes=\"(max-width: 408px) 100vw, 408px\" \/><figcaption id=\"caption-attachment-700\" class=\"wp-caption-text\">Michael Weber, Thimm-Gruppe (Bild: Thimm)<\/figcaption><\/figure>\n<p>\u201eMit Cartonara startet die Thimm Gruppe ihr erstes digitales Gesch\u00e4ftsmodell f\u00fcr Verpackungen. Wir haben einen neuen Vertriebsweg geschaffen, durch den wir speziell f\u00fcr kleine und mittelst\u00e4ndische Unternehmen aber auch f\u00fcr Privatkunden eine L\u00f6sungsplattform anbieten. Unsere Onlinekunden profitieren von <strong>Synergien<\/strong> der gesamten Thimm Gruppe. Alle Verpackungen stammen aus unseren etablierten Produktionswerken. Dahinter stehen effiziente Prozesse, hohe Qualit\u00e4tsversprechen, agile Verpackungsentwicklungen und Optimierungen von Kosten und Logistik. Wir arbeiten in einem effizienten Team aus Spezialisten f\u00fcr Suchmaschinenmarketing, Experten f\u00fcr Business Development und E-Commerce Kooperationspartnern.\u201c, erkl\u00e4rt <strong>Michael Weber<\/strong>, Gesch\u00e4ftsf\u00fchrung Cartonara.<\/p><\/blockquote>\n","protected":false},"excerpt":{"rendered":"On its new e-commerce platform www.kartonara.de, the family-run company Thimm offers standardised corrugated cardboard packaging and accessories for the distribution of goods. The online shop opened in March for commercial and private customers.","protected":false},"author":1,"featured_media":8978,"comment_status":"closed","ping_status":"open","sticky":false,"template":"","format":"standard","meta":{"_acf_changed":false,"__cvm_playback_settings":[],"__cvm_video_id":"","rank_math_description":"","rank_math_focus_keyword":"","rank_math_title":"","csco_display_header_overlay":false,"csco_singular_sidebar":"","csco_page_header_type":"","csco_page_load_nextpost":"","csco_post_video_location":[],"csco_post_video_location_hash":"","csco_post_video_url":"","csco_post_video_bg_start_time":0,"csco_post_video_bg_end_time":0,"footnotes":"","_links_to":"","_links_to_target":""},"categories":[114,111,22],"tags":[43,21745,32,1487],"class_list":{"0":"post-8977","1":"post","2":"type-post","3":"status-publish","4":"format-standard","5":"has-post-thumbnail","7":"category-aus-den-unternehmen-news","8":"category-maerkte","9":"category-packmittel-und-packstoffe","10":"tag-aus-den-unternehmen","11":"tag-e-commerce","12":"tag-packmittel-und-packstoffe","13":"tag-papier-pappe-karton","14":"cs-entry","15":"cs-video-wrap"},"acf":[],"vimeo_video":null,"_links":{"self":[{"href":"https:\/\/packaging-journal.de\/en\/wp-json\/wp\/v2\/posts\/8977","targetHints":{"allow":["GET"]}}],"collection":[{"href":"https:\/\/packaging-journal.de\/en\/wp-json\/wp\/v2\/posts"}],"about":[{"href":"https:\/\/packaging-journal.de\/en\/wp-json\/wp\/v2\/types\/post"}],"author":[{"embeddable":true,"href":"https:\/\/packaging-journal.de\/en\/wp-json\/wp\/v2\/users\/1"}],"replies":[{"embeddable":true,"href":"https:\/\/packaging-journal.de\/en\/wp-json\/wp\/v2\/comments?post=8977"}],"version-history":[{"count":0,"href":"https:\/\/packaging-journal.de\/en\/wp-json\/wp\/v2\/posts\/8977\/revisions"}],"wp:featuredmedia":[{"embeddable":true,"href":"https:\/\/packaging-journal.de\/en\/wp-json\/wp\/v2\/media\/8978"}],"wp:attachment":[{"href":"https:\/\/packaging-journal.de\/en\/wp-json\/wp\/v2\/media?parent=8977"}],"wp:term":[{"taxonomy":"category","embeddable":true,"href":"https:\/\/packaging-journal.de\/en\/wp-json\/wp\/v2\/categories?post=8977"},{"taxonomy":"post_tag","embeddable":true,"href":"https:\/\/packaging-journal.de\/en\/wp-json\/wp\/v2\/tags?post=8977"}],"curies":[{"name":"wp","href":"https:\/\/api.w.org\/{rel}","templated":true}]}}