{"id":90877,"date":"2024-03-07T09:29:43","date_gmt":"2024-03-07T08:29:43","guid":{"rendered":"https:\/\/packaging-journal.de\/?p=90877"},"modified":"2024-03-07T11:30:17","modified_gmt":"2024-03-07T10:30:17","slug":"relevo-becomes-part-of-the-duni-group","status":"publish","type":"post","link":"https:\/\/packaging-journal.de\/en\/relevo-wird-teil-der-duni-group\/","title":{"rendered":"Relevo becomes part of the Duni Group"},"content":{"rendered":"<p><strong>The Duni Group has acquired a majority stake in Relevo GmbH. The Group intends to further strengthen its food packaging business and offer sustainable solutions for the circular economy.<\/strong><\/p>\n<blockquote><p>\u201cWe are proud to be part of the Duni Group and to pursue our shared vision of a waste-free and environmentally friendly takeaway experience together. Given the numerous synergies in commercial operations and potential in international market access, we look forward to an exciting collaboration and to further developing and expanding our sustainable reusable system.\u201d<\/p>\n<p><strong>Gregor Kolb<\/strong>, Co-Founder &amp; Managing Director Relevo<\/p><\/blockquote>\n<p>Duni AB <strong>increases its stake in Relevo GmbH to 50.02 per cent<\/strong>, making Relevo part of the Duni Group. This move underlines once again the importance of the strategic partnership and the common goal of offering catering partners the best sustainable products and services for to-go packaging. With this step, Relevo strengthens its market position and is ready for a <strong>Accelerated international expansion<\/strong> alongside a leading global provider of innovative and sustainable packaging solutions for out-of-home consumption.<\/p>\n<blockquote><p>\u201eWe want to give back more to our planet than we take out. Together with Relevo, the Duni Group therefore wants to offer solutions that leave as little waste as possible. This means that we not only want to take care of the beginning of a product's life cycle, but also the end, by providing software systems that promote reusable solutions and ensure low emissions.\u201c<\/p>\n<p><strong>Robert Dackeskog<\/strong>, President and CEO of the Duni Group<\/p><\/blockquote>\n<p><em>Source:\u00a0<\/em><a href=\"https:\/\/relevo.app\/de\/\" target=\"_blank\" rel=\"noopener\">Relevo<\/a><\/p><div class=\"packa-in-post-alle\" style=\"text-align: center;\" id=\"packa-1471559459\"><div id=\"packa-2079478473\"><a data-no-instant=\"1\" href=\"https:\/\/packaging-journal.de\/en\/newsletter\/\" rel=\"noopener\" class=\"a2t-link\" target=\"_blank\" aria-label=\"PJ Self-promotion English 03\"><!--noptimize--><img src=\"https:\/\/packaging-journal.de\/wp-content\/uploads\/2026\/01\/PJ-Eigenwerbung-English-03.png\" alt=\"\"  srcset=\"https:\/\/packaging-journal.de\/wp-content\/uploads\/2026\/01\/PJ-Eigenwerbung-English-03.png 840w, https:\/\/packaging-journal.de\/wp-content\/uploads\/2026\/01\/PJ-Eigenwerbung-English-03-300x75.png 300w, https:\/\/packaging-journal.de\/wp-content\/uploads\/2026\/01\/PJ-Eigenwerbung-English-03-768x192.png 768w, https:\/\/packaging-journal.de\/wp-content\/uploads\/2026\/01\/PJ-Eigenwerbung-English-03-18x5.png 18w, https:\/\/packaging-journal.de\/wp-content\/uploads\/2026\/01\/PJ-Eigenwerbung-English-03-332x83.png 332w, https:\/\/packaging-journal.de\/wp-content\/uploads\/2026\/01\/PJ-Eigenwerbung-English-03-664x166.png 664w, https:\/\/packaging-journal.de\/wp-content\/uploads\/2026\/01\/PJ-Eigenwerbung-English-03-688x172.png 688w\" sizes=\"(max-width: 840px) 100vw, 840px\" width=\"840\" height=\"210\"  style=\" max-width: 100%; height: auto;\" \/><!--\/noptimize--><\/a><\/div><\/div>","protected":false},"excerpt":{"rendered":"The Duni Group has acquired a majority stake in Relevo GmbH and intends to further strengthen its food packaging business.","protected":false},"author":1,"featured_media":90879,"comment_status":"closed","ping_status":"closed","sticky":false,"template":"","format":"standard","meta":{"_acf_changed":false,"__cvm_playback_settings":[],"__cvm_video_id":"","rank_math_description":"Die Duni Group hat die Mehrheitsanteile der Relevo GmbH \u00fcbernommen und will das Gesch\u00e4ftsfeld der Lebensmittelverpackungen weiter st\u00e4rken.","rank_math_focus_keyword":"relevo,duni","rank_math_title":"","csco_display_header_overlay":false,"csco_singular_sidebar":"","csco_page_header_type":"","csco_page_load_nextpost":"","csco_post_video_location":[],"csco_post_video_location_hash":"","csco_post_video_url":"","csco_post_video_bg_start_time":0,"csco_post_video_bg_end_time":0,"footnotes":"","_links_to":"","_links_to_target":""},"categories":[114],"tags":[43,60337,38,59698,59142,60338],"class_list":{"0":"post-90877","1":"post","2":"type-post","3":"status-publish","4":"format-standard","5":"has-post-thumbnail","7":"category-aus-den-unternehmen-news","8":"tag-aus-den-unternehmen","9":"tag-duni-group","10":"tag-lebensmittel","11":"tag-mehrweg","12":"tag-news-express","13":"tag-relevo","14":"cs-entry","15":"cs-video-wrap"},"acf":[],"vimeo_video":null,"_links":{"self":[{"href":"https:\/\/packaging-journal.de\/en\/wp-json\/wp\/v2\/posts\/90877","targetHints":{"allow":["GET"]}}],"collection":[{"href":"https:\/\/packaging-journal.de\/en\/wp-json\/wp\/v2\/posts"}],"about":[{"href":"https:\/\/packaging-journal.de\/en\/wp-json\/wp\/v2\/types\/post"}],"author":[{"embeddable":true,"href":"https:\/\/packaging-journal.de\/en\/wp-json\/wp\/v2\/users\/1"}],"replies":[{"embeddable":true,"href":"https:\/\/packaging-journal.de\/en\/wp-json\/wp\/v2\/comments?post=90877"}],"version-history":[{"count":0,"href":"https:\/\/packaging-journal.de\/en\/wp-json\/wp\/v2\/posts\/90877\/revisions"}],"wp:featuredmedia":[{"embeddable":true,"href":"https:\/\/packaging-journal.de\/en\/wp-json\/wp\/v2\/media\/90879"}],"wp:attachment":[{"href":"https:\/\/packaging-journal.de\/en\/wp-json\/wp\/v2\/media?parent=90877"}],"wp:term":[{"taxonomy":"category","embeddable":true,"href":"https:\/\/packaging-journal.de\/en\/wp-json\/wp\/v2\/categories?post=90877"},{"taxonomy":"post_tag","embeddable":true,"href":"https:\/\/packaging-journal.de\/en\/wp-json\/wp\/v2\/tags?post=90877"}],"curies":[{"name":"wp","href":"https:\/\/api.w.org\/{rel}","templated":true}]}}