{"id":91402,"date":"2024-04-02T15:01:54","date_gmt":"2024-04-02T13:01:54","guid":{"rendered":"https:\/\/packaging-journal.de\/?p=91402"},"modified":"2024-04-02T15:01:54","modified_gmt":"2024-04-02T13:01:54","slug":"new-management-at-ccl-faubel","status":"publish","type":"post","link":"https:\/\/packaging-journal.de\/en\/neue-geschaeftsfuehrung-bei-ccl-faubel\/","title":{"rendered":"New management at CCL Faubel"},"content":{"rendered":"<p><strong>After more than 40 years at CCL Faubel, Frank Ludwig is taking a step back and relinquishing his position as Managing Director. He was appointed Managing Director Technology in 2012. The company has been managed by Frank J\u00e4ger and Martin Kuge since February 2024.\u00a0<\/strong><\/p>\n<p>\u201eThe decision was not easy for me because of my connection with Faubel, but the time has come to take a step back professionally,\u201c says Frank Ludwig. Martin Kuge is now also responsible for technology within the management team. He has held the position of Managing Director of Human Resources and Finance since 2012. Over the next two years, Frank Ludwig will continue to share his expertise with the technical departments at <a href=\"https:\/\/packaging-journal.de\/?s=faubel\">CCL Faubel<\/a> share. As <strong>He will be a part-time member of the Technical Consulting team.<\/strong> will be available as a point of contact. The former Managing Director is certain that both sides will benefit from the transition phase:<\/p>\n<blockquote><p>\u201eI am delighted to be able to pass on my experience, especially to new employees. CCL Faubel is currently looking to fill 15 more positions. We are particularly looking for specialists for production and production-related departments, such as work preparation.\u201c<\/p><\/blockquote>\n<p>The fact that Frank Ludwig's heart beats for the printing industry and labelling is proven by his career in the company. During his <strong>40 years of service at Faubel<\/strong> He rose from printing plate manufacturer to industrial foreman in printing, plant assistant, plant manager and finally managing director of technology. A milestone in his career was the development of the Faubel Compact Label in the mid-1990s. Frank Ludwig played a key role in developing this label, which, with its 24 pages at the time, precisely met the needs of the research-based pharmaceutical industry for multilingual product labelling. Since then, this booklet label has been the bestseller in CCL Faubel's product portfolio.<\/p><div class=\"packa-in-post-alle\" style=\"text-align: center;\" id=\"packa-4292010617\"><div id=\"packa-2928557608\"><a data-no-instant=\"1\" href=\"https:\/\/packaging-journal.de\/en\/newsletter\/\" rel=\"noopener\" class=\"a2t-link\" target=\"_blank\" aria-label=\"PJ Self-promotion English 03\"><!--noptimize--><img src=\"https:\/\/packaging-journal.de\/wp-content\/uploads\/2026\/01\/PJ-Eigenwerbung-English-03.png\" alt=\"\"  srcset=\"https:\/\/packaging-journal.de\/wp-content\/uploads\/2026\/01\/PJ-Eigenwerbung-English-03.png 840w, https:\/\/packaging-journal.de\/wp-content\/uploads\/2026\/01\/PJ-Eigenwerbung-English-03-300x75.png 300w, https:\/\/packaging-journal.de\/wp-content\/uploads\/2026\/01\/PJ-Eigenwerbung-English-03-768x192.png 768w, https:\/\/packaging-journal.de\/wp-content\/uploads\/2026\/01\/PJ-Eigenwerbung-English-03-18x5.png 18w, https:\/\/packaging-journal.de\/wp-content\/uploads\/2026\/01\/PJ-Eigenwerbung-English-03-332x83.png 332w, https:\/\/packaging-journal.de\/wp-content\/uploads\/2026\/01\/PJ-Eigenwerbung-English-03-664x166.png 664w, https:\/\/packaging-journal.de\/wp-content\/uploads\/2026\/01\/PJ-Eigenwerbung-English-03-688x172.png 688w\" sizes=\"(max-width: 840px) 100vw, 840px\" width=\"840\" height=\"210\"  style=\" max-width: 100%; height: auto;\" \/><!--\/noptimize--><\/a><\/div><\/div>\n<p><em>Source:\u00a0<\/em><a href=\"http:\/\/www.faubel.de\" target=\"_blank\" rel=\"noopener\">CCL Faubel<\/a><\/p>","protected":false},"excerpt":{"rendered":"After more than 40 years at CCL Faubel, Frank Ludwig is stepping down from his position as Managing Director Technology, to which he was appointed in 2012.","protected":false},"author":1,"featured_media":91403,"comment_status":"closed","ping_status":"closed","sticky":false,"template":"","format":"standard","meta":{"_acf_changed":false,"__cvm_playback_settings":[],"__cvm_video_id":"","rank_math_description":"Nach mehr als 40 Jahren bei CCL Faubel gibt Frank Ludwig sein Amt als Gesch\u00e4ftsf\u00fchrer Technik ab, in das er 2012 berufen wurde.","rank_math_focus_keyword":"ccl faubel,gesch\u00e4ftsf\u00fchrung","rank_math_title":"","csco_display_header_overlay":false,"csco_singular_sidebar":"","csco_page_header_type":"","csco_page_load_nextpost":"","csco_post_video_location":[],"csco_post_video_location_hash":"","csco_post_video_url":"","csco_post_video_bg_start_time":0,"csco_post_video_bg_end_time":0,"footnotes":"","_links_to":"","_links_to_target":""},"categories":[112],"tags":[43,60310,42,59464],"class_list":{"0":"post-91402","1":"post","2":"type-post","3":"status-publish","4":"format-standard","5":"has-post-thumbnail","7":"category-personen","8":"tag-aus-den-unternehmen","9":"tag-ccl-faubel","10":"tag-etikettieren-kennzeichnen-codieren","11":"tag-personen","12":"cs-entry","13":"cs-video-wrap"},"acf":[],"vimeo_video":null,"_links":{"self":[{"href":"https:\/\/packaging-journal.de\/en\/wp-json\/wp\/v2\/posts\/91402","targetHints":{"allow":["GET"]}}],"collection":[{"href":"https:\/\/packaging-journal.de\/en\/wp-json\/wp\/v2\/posts"}],"about":[{"href":"https:\/\/packaging-journal.de\/en\/wp-json\/wp\/v2\/types\/post"}],"author":[{"embeddable":true,"href":"https:\/\/packaging-journal.de\/en\/wp-json\/wp\/v2\/users\/1"}],"replies":[{"embeddable":true,"href":"https:\/\/packaging-journal.de\/en\/wp-json\/wp\/v2\/comments?post=91402"}],"version-history":[{"count":0,"href":"https:\/\/packaging-journal.de\/en\/wp-json\/wp\/v2\/posts\/91402\/revisions"}],"wp:featuredmedia":[{"embeddable":true,"href":"https:\/\/packaging-journal.de\/en\/wp-json\/wp\/v2\/media\/91403"}],"wp:attachment":[{"href":"https:\/\/packaging-journal.de\/en\/wp-json\/wp\/v2\/media?parent=91402"}],"wp:term":[{"taxonomy":"category","embeddable":true,"href":"https:\/\/packaging-journal.de\/en\/wp-json\/wp\/v2\/categories?post=91402"},{"taxonomy":"post_tag","embeddable":true,"href":"https:\/\/packaging-journal.de\/en\/wp-json\/wp\/v2\/tags?post=91402"}],"curies":[{"name":"wp","href":"https:\/\/api.w.org\/{rel}","templated":true}]}}