{"id":91519,"date":"2024-04-04T13:26:45","date_gmt":"2024-04-04T11:26:45","guid":{"rendered":"https:\/\/packaging-journal.de\/?p=91519"},"modified":"2024-04-04T13:26:45","modified_gmt":"2024-04-04T11:26:45","slug":"anne-kramer-muench-new-ceo-at-paki-logistics","status":"publish","type":"post","link":"https:\/\/packaging-journal.de\/en\/anne-kramer-muench-neue-ceo-bei-paki-logistics\/","title":{"rendered":"New CEO at PAKi Logistics"},"content":{"rendered":"<p><strong>Anne Kramer-M\u00fcnch took over the position of CEO at PAKi Logistics, the open pooling service provider for the management of standardised exchange pallets and boxes, on 1 April. She is an experienced manager and managing director with a background in sales and marketing.<\/strong><\/p>\n<p>With a career that includes positions at renowned FMCG companies such as Nestl\u00e9, Mars and Schwarzkopf &amp; Henkel, Anne Kramer-M\u00fcnch brings with her a wealth of experience. <strong>Most recently, she spent five years in the position of Commercial Vice President at Tomra Systems GmbH<\/strong>, a leading company in the field of reverse vending machines and recycling solutions. During her career, Anne Kramer- M\u00fcnch has gained extensive insight into the German and Austrian retail landscape as well as the discounter and drugstore industry. Her expertise spans supply chain processes and business strategies, making her a highly competent and well-informed leader.<\/p>\n<blockquote><p>\u201eI am very much looking forward to this exciting new role, which includes ambitious growth plans for the coming years at PAKi Logistics. These will not only benefit our customers and partners, but will also have a positive impact on the entire logistics industry and the circular economy.\u201c<\/p>\n<p><strong>Anne Kramer-M\u00fcnch<\/strong><\/p><\/blockquote>\n<p>Ingrid Faber, CEO of the Faber Group, who took over as interim CEO of PAKi Logistics in mid-February following the departure of her predecessor Marc Groenewoud, welcomed the new CEO with the following words: \u201eWe are delighted to have Anne Kramer-M\u00fcnch on board. With a dedicated and highly qualified team and Anne's extensive experience, PAKi Logistics is ideally positioned to set new standards in the industry and achieve outstanding success.\u201c<\/p><div class=\"packa-in-post-alle\" style=\"text-align: center;\" id=\"packa-838217986\"><div id=\"packa-1953297645\"><a data-no-instant=\"1\" href=\"https:\/\/packaging-journal.de\/en\/newsletter\/\" rel=\"noopener\" class=\"a2t-link\" target=\"_blank\" aria-label=\"PJ Self-promotion English 03\"><!--noptimize--><img src=\"https:\/\/packaging-journal.de\/wp-content\/uploads\/2026\/01\/PJ-Eigenwerbung-English-03.png\" alt=\"\"  srcset=\"https:\/\/packaging-journal.de\/wp-content\/uploads\/2026\/01\/PJ-Eigenwerbung-English-03.png 840w, https:\/\/packaging-journal.de\/wp-content\/uploads\/2026\/01\/PJ-Eigenwerbung-English-03-300x75.png 300w, https:\/\/packaging-journal.de\/wp-content\/uploads\/2026\/01\/PJ-Eigenwerbung-English-03-768x192.png 768w, https:\/\/packaging-journal.de\/wp-content\/uploads\/2026\/01\/PJ-Eigenwerbung-English-03-18x5.png 18w, https:\/\/packaging-journal.de\/wp-content\/uploads\/2026\/01\/PJ-Eigenwerbung-English-03-332x83.png 332w, https:\/\/packaging-journal.de\/wp-content\/uploads\/2026\/01\/PJ-Eigenwerbung-English-03-664x166.png 664w, https:\/\/packaging-journal.de\/wp-content\/uploads\/2026\/01\/PJ-Eigenwerbung-English-03-688x172.png 688w\" sizes=\"(max-width: 840px) 100vw, 840px\" width=\"840\" height=\"210\"  style=\" max-width: 100%; height: auto;\" \/><!--\/noptimize--><\/a><\/div><\/div>\n<p><em>Source:<\/em> PAKi Logistics<\/p>","protected":false},"excerpt":{"rendered":"Anne Kramer-M\u00fcnch took over the position of CEO at PAKi Logistics, the open pooling service provider for the management of standardised exchange pallets and boxes, on 1 April.","protected":false},"author":20,"featured_media":91520,"comment_status":"closed","ping_status":"closed","sticky":false,"template":"","format":"standard","meta":{"_acf_changed":false,"__cvm_playback_settings":[],"__cvm_video_id":"","rank_math_description":"Anne Kramer-M\u00fcnch hat zum 1. April die Position der CEO bei PAKi Logistics \u00fcbernommen, dem europ\u00e4ischen Marktf\u00fchrer f\u00fcr Ladungstr\u00e4germanagement im offenen Pool.","rank_math_focus_keyword":"PAKi Logistics","rank_math_title":"","csco_display_header_overlay":false,"csco_singular_sidebar":"","csco_page_header_type":"","csco_page_load_nextpost":"","csco_post_video_location":[],"csco_post_video_location_hash":"","csco_post_video_url":"","csco_post_video_bg_start_time":0,"csco_post_video_bg_end_time":0,"footnotes":"","_links_to":"","_links_to_target":""},"categories":[112],"tags":[43,52,59142,60358],"class_list":{"0":"post-91519","1":"post","2":"type-post","3":"status-publish","4":"format-standard","5":"has-post-thumbnail","7":"category-personen","8":"tag-aus-den-unternehmen","9":"tag-logistik","10":"tag-news-express","11":"tag-paki-logistics","12":"cs-entry","13":"cs-video-wrap"},"acf":[],"vimeo_video":null,"_links":{"self":[{"href":"https:\/\/packaging-journal.de\/en\/wp-json\/wp\/v2\/posts\/91519","targetHints":{"allow":["GET"]}}],"collection":[{"href":"https:\/\/packaging-journal.de\/en\/wp-json\/wp\/v2\/posts"}],"about":[{"href":"https:\/\/packaging-journal.de\/en\/wp-json\/wp\/v2\/types\/post"}],"author":[{"embeddable":true,"href":"https:\/\/packaging-journal.de\/en\/wp-json\/wp\/v2\/users\/20"}],"replies":[{"embeddable":true,"href":"https:\/\/packaging-journal.de\/en\/wp-json\/wp\/v2\/comments?post=91519"}],"version-history":[{"count":0,"href":"https:\/\/packaging-journal.de\/en\/wp-json\/wp\/v2\/posts\/91519\/revisions"}],"wp:featuredmedia":[{"embeddable":true,"href":"https:\/\/packaging-journal.de\/en\/wp-json\/wp\/v2\/media\/91520"}],"wp:attachment":[{"href":"https:\/\/packaging-journal.de\/en\/wp-json\/wp\/v2\/media?parent=91519"}],"wp:term":[{"taxonomy":"category","embeddable":true,"href":"https:\/\/packaging-journal.de\/en\/wp-json\/wp\/v2\/categories?post=91519"},{"taxonomy":"post_tag","embeddable":true,"href":"https:\/\/packaging-journal.de\/en\/wp-json\/wp\/v2\/tags?post=91519"}],"curies":[{"name":"wp","href":"https:\/\/api.w.org\/{rel}","templated":true}]}}