{"id":91796,"date":"2024-04-18T13:44:03","date_gmt":"2024-04-18T11:44:03","guid":{"rendered":"https:\/\/packaging-journal.de\/?p=91796"},"modified":"2024-04-18T13:44:03","modified_gmt":"2024-04-18T11:44:03","slug":"stefan-koenig-is-the-new-ceo-of-the-optima-group","status":"publish","type":"post","link":"https:\/\/packaging-journal.de\/en\/stefan-koenig-ist-neuer-ceo-der-optima-gruppe\/","title":{"rendered":"Dr Stefan K\u00f6nig is the new CEO of the Optima Group"},"content":{"rendered":"<p><strong>Packaging machine manufacturer Optima has appointed Dr Stefan K\u00f6nig as its new Chief Executive Officer (CEO). He takes over the role from Hans B\u00fchler, Managing Partner, who is moving to the position of Chairman.<\/strong><\/p>\n<p>In April 2024, Hans B\u00fchler handed over the title of Chief Executive Officer (CEO) to Dr Stefan K\u00f6nig, who has been with the company as Managing Director since 2021. K\u00f6nig brings with him over 25 years of experience in various areas of mechanical engineering. Most recently, he was CEO of the former Bosch Packaging Technology GmbH.<\/p>\n<blockquote><p>\u201eDr Stefan K\u00f6nig combines a wealth of experience in mechanical engineering with a pragmatic approach. He will thus help to further advance Optima and establish us as a partner for increasingly demanding projects. His expertise and his high standards for results will help to lead the group of companies successfully into the future.\u201c<\/p>\n<p><strong>Hans B\u00fchler<br \/>\n<\/strong><\/p><\/blockquote>\n<p>B\u00fchler himself, who was Spokesman of the Management Board for over 35 years, will focus on future issues, strategic decisions and the shareholder group as Chairman of the four-member Management Board.<\/p><div class=\"packa-in-post-alle\" style=\"text-align: center;\" id=\"packa-4108151159\"><div id=\"packa-630564314\"><a data-no-instant=\"1\" href=\"https:\/\/packaging-journal.de\/en\/newsletter\/\" rel=\"noopener\" class=\"a2t-link\" target=\"_blank\" aria-label=\"PJ Self-promotion English 03\"><!--noptimize--><img src=\"https:\/\/packaging-journal.de\/wp-content\/uploads\/2026\/01\/PJ-Eigenwerbung-English-03.png\" alt=\"\"  srcset=\"https:\/\/packaging-journal.de\/wp-content\/uploads\/2026\/01\/PJ-Eigenwerbung-English-03.png 840w, https:\/\/packaging-journal.de\/wp-content\/uploads\/2026\/01\/PJ-Eigenwerbung-English-03-300x75.png 300w, https:\/\/packaging-journal.de\/wp-content\/uploads\/2026\/01\/PJ-Eigenwerbung-English-03-768x192.png 768w, https:\/\/packaging-journal.de\/wp-content\/uploads\/2026\/01\/PJ-Eigenwerbung-English-03-18x5.png 18w, https:\/\/packaging-journal.de\/wp-content\/uploads\/2026\/01\/PJ-Eigenwerbung-English-03-332x83.png 332w, https:\/\/packaging-journal.de\/wp-content\/uploads\/2026\/01\/PJ-Eigenwerbung-English-03-664x166.png 664w, https:\/\/packaging-journal.de\/wp-content\/uploads\/2026\/01\/PJ-Eigenwerbung-English-03-688x172.png 688w\" sizes=\"(max-width: 840px) 100vw, 840px\" width=\"840\" height=\"210\"  style=\" max-width: 100%; height: auto;\" \/><!--\/noptimize--><\/a><\/div><\/div>\n<blockquote><p>\u201eHans B\u00fchler has made Optima what it is today. I am delighted to be able to continue the company's 100-year success story. We are active in highly attractive industries, have broad process and technology expertise and experienced, committed employees - in other words, the best prerequisites for making effective contributions to the success of our customers.\u201c<\/p>\n<p><strong>Stefan K\u00f6nig<\/strong><\/p><\/blockquote>\n<p>As CEO, K\u00f6nig will coordinate the management and take and implement initiatives and decisions to achieve targets. He shares responsibility with Dr Johannes-Thomas Grobe for the four business units Pharma, Consumer, Nonwovens and Life Science, including the Hydrogen Economy, as well as the cross-company topics of digitalisation, sustainability and marketing. Central units such as Human Resources and Finance will be managed by Jan Glass. He will hand over his position to his designated successor Marco Beyl in the course of the year.<\/p>\n<p>Source: Optima<\/p><div id=\"packa-2438081464\" class=\"packa-inhalt\"><!--noptimize--><script async src=\"https:\/\/pagead2.googlesyndication.com\/pagead\/js\/adsbygoogle.js?client=ca-pub-2686439340972671\" crossorigin=\"anonymous\"><\/script>\r\n<ins class=\"adsbygoogle\" style=\"display:block;text-align:center\" data-ad-layout=\"in-article\" data-ad-format=\"fluid\" data-ad-client=\"ca-pub-2686439340972671\" data-ad-slot=\"6171251825\"><\/ins>\r\n<script>\r\n     (adsbygoogle = window.adsbygoogle || []).push({});\r\n<\/script><!--\/noptimize--><\/div>","protected":false},"excerpt":{"rendered":"Packaging machine manufacturer Optima has appointed Dr Stefan K\u00f6nig as its new Chief Executive Officer (CEO). He takes over the role from Hans B\u00fchler, Managing Partner, who is moving to the position of Chairman.","protected":false},"author":20,"featured_media":91799,"comment_status":"closed","ping_status":"closed","sticky":false,"template":"","format":"standard","meta":{"_acf_changed":false,"__cvm_playback_settings":[],"__cvm_video_id":"","rank_math_description":"Optima hat Dr. Stefan K\u00f6nig zum neuen Chief Executive Officer (CEO) ernannt. Er \u00fcbernimmt die Rolle von Hans B\u00fchler, der in die Position des Chairman wechselt.","rank_math_focus_keyword":"Optima","rank_math_title":"","csco_display_header_overlay":false,"csco_singular_sidebar":"","csco_page_header_type":"","csco_page_load_nextpost":"","csco_post_video_location":[],"csco_post_video_location_hash":"","csco_post_video_url":"","csco_post_video_bg_start_time":0,"csco_post_video_bg_end_time":0,"footnotes":"","_links_to":"","_links_to_target":""},"categories":[112],"tags":[43,57574,70],"class_list":{"0":"post-91796","1":"post","2":"type-post","3":"status-publish","4":"format-standard","5":"has-post-thumbnail","7":"category-personen","8":"tag-aus-den-unternehmen","9":"tag-optima","10":"tag-verpackungsmaschinen","11":"cs-entry","12":"cs-video-wrap"},"acf":[],"vimeo_video":null,"_links":{"self":[{"href":"https:\/\/packaging-journal.de\/en\/wp-json\/wp\/v2\/posts\/91796","targetHints":{"allow":["GET"]}}],"collection":[{"href":"https:\/\/packaging-journal.de\/en\/wp-json\/wp\/v2\/posts"}],"about":[{"href":"https:\/\/packaging-journal.de\/en\/wp-json\/wp\/v2\/types\/post"}],"author":[{"embeddable":true,"href":"https:\/\/packaging-journal.de\/en\/wp-json\/wp\/v2\/users\/20"}],"replies":[{"embeddable":true,"href":"https:\/\/packaging-journal.de\/en\/wp-json\/wp\/v2\/comments?post=91796"}],"version-history":[{"count":0,"href":"https:\/\/packaging-journal.de\/en\/wp-json\/wp\/v2\/posts\/91796\/revisions"}],"wp:featuredmedia":[{"embeddable":true,"href":"https:\/\/packaging-journal.de\/en\/wp-json\/wp\/v2\/media\/91799"}],"wp:attachment":[{"href":"https:\/\/packaging-journal.de\/en\/wp-json\/wp\/v2\/media?parent=91796"}],"wp:term":[{"taxonomy":"category","embeddable":true,"href":"https:\/\/packaging-journal.de\/en\/wp-json\/wp\/v2\/categories?post=91796"},{"taxonomy":"post_tag","embeddable":true,"href":"https:\/\/packaging-journal.de\/en\/wp-json\/wp\/v2\/tags?post=91796"}],"curies":[{"name":"wp","href":"https:\/\/api.w.org\/{rel}","templated":true}]}}