{"id":92981,"date":"2024-05-28T11:26:15","date_gmt":"2024-05-28T09:26:15","guid":{"rendered":"https:\/\/packaging-journal.de\/?p=92981"},"modified":"2024-05-28T10:37:06","modified_gmt":"2024-05-28T08:37:06","slug":"drupa-starts-in-duesseldorf","status":"publish","type":"post","link":"https:\/\/packaging-journal.de\/en\/drupa-startet-in-duesseldorf\/","title":{"rendered":"drupa starts in D\u00fcsseldorf"},"content":{"rendered":"<p><strong>drupa has started and will be welcoming exhibitors and visitors to the exhibition halls in D\u00fcsseldorf from 28 May. For eleven days, the international printing industry will come together and present its products and services on around 140,000 m<sup>2<\/sup> and the latest innovations and trends for the industry in 18 exhibition halls.<\/strong><\/p>\n<p>This year, 1,646 exhibitors from 52 nations are coming to D\u00fcsseldorf to showcase their solutions for the printing industry. From product premieres to special forums and an extensive supporting programme, visitors can expect everything to do with print and printing technologies. The <a href=\"https:\/\/packaging-journal.de\/?s=drupa\">drupa<\/a> offers the opportunity to <strong>Knowledge transfer, dialogue and networking with global industry experts<\/strong> and experts. The exhibitors include the big names in the industry as well as young companies with pioneering solutions.<\/p>\n<p>Sustainable production of printing and packaging solutions and the circular economy are among the focal topics of the trade fair. Digitalisation, artificial intelligence and Industry 4.0 also occupy the sector and encourage exchange. Overall, visitors can look forward to <strong>Cutting-edge technologies along the entire value chain<\/strong> look forward to. Circular economy, automation, printing\/finishing 4.0, artificial intelligence, platform economy and connectivity will play a central role in the conference programme and specialist forums.<\/p><div class=\"packa-in-post-alle\" style=\"text-align: center;\" id=\"packa-444132627\"><div id=\"packa-2002472803\"><a data-no-instant=\"1\" href=\"https:\/\/packaging-journal.de\/en\/newsletter\/\" rel=\"noopener\" class=\"a2t-link\" target=\"_blank\" aria-label=\"PJ Self-promotion English 03\"><!--noptimize--><img src=\"https:\/\/packaging-journal.de\/wp-content\/uploads\/2026\/01\/PJ-Eigenwerbung-English-03.png\" alt=\"\"  srcset=\"https:\/\/packaging-journal.de\/wp-content\/uploads\/2026\/01\/PJ-Eigenwerbung-English-03.png 840w, https:\/\/packaging-journal.de\/wp-content\/uploads\/2026\/01\/PJ-Eigenwerbung-English-03-300x75.png 300w, https:\/\/packaging-journal.de\/wp-content\/uploads\/2026\/01\/PJ-Eigenwerbung-English-03-768x192.png 768w, https:\/\/packaging-journal.de\/wp-content\/uploads\/2026\/01\/PJ-Eigenwerbung-English-03-18x5.png 18w, https:\/\/packaging-journal.de\/wp-content\/uploads\/2026\/01\/PJ-Eigenwerbung-English-03-332x83.png 332w, https:\/\/packaging-journal.de\/wp-content\/uploads\/2026\/01\/PJ-Eigenwerbung-English-03-664x166.png 664w, https:\/\/packaging-journal.de\/wp-content\/uploads\/2026\/01\/PJ-Eigenwerbung-English-03-688x172.png 688w\" sizes=\"(max-width: 840px) 100vw, 840px\" width=\"840\" height=\"210\"  style=\" max-width: 100%; height: auto;\" \/><!--\/noptimize--><\/a><\/div><\/div>\n<p>Visitors can still get an impression of the industry's solutions and innovations until 7 June.<\/p>\n<p><em>Source:\u00a0<\/em><a href=\"http:\/\/www.drupa.de\" target=\"_blank\" rel=\"noopener\">drupa<\/a><\/p><div id=\"packa-830370733\" class=\"packa-inhalt\"><!--noptimize--><script async src=\"https:\/\/pagead2.googlesyndication.com\/pagead\/js\/adsbygoogle.js?client=ca-pub-2686439340972671\" crossorigin=\"anonymous\"><\/script>\r\n<ins class=\"adsbygoogle\" style=\"display:block;text-align:center\" data-ad-layout=\"in-article\" data-ad-format=\"fluid\" data-ad-client=\"ca-pub-2686439340972671\" data-ad-slot=\"6171251825\"><\/ins>\r\n<script>\r\n     (adsbygoogle = window.adsbygoogle || []).push({});\r\n<\/script><!--\/noptimize--><\/div>","protected":false},"excerpt":{"rendered":"drupa has opened its doors and welcomes exhibitors and visitors to 18 exhibition halls in D\u00fcsseldorf for eleven days until 7 June.","protected":false},"author":1,"featured_media":92984,"comment_status":"closed","ping_status":"closed","sticky":false,"template":"","format":"standard","meta":{"_acf_changed":false,"__cvm_playback_settings":[],"__cvm_video_id":"","rank_math_description":"Die drupa hat ihre Tore ge\u00f6ffnet und begr\u00fc\u00dft f\u00fcr elf Tage bis zum 07. Juni Aussteller und Besucher in 18 Messehallen in D\u00fcsseldorf.","rank_math_focus_keyword":"drupa,2024","rank_math_title":"","csco_display_header_overlay":false,"csco_singular_sidebar":"","csco_page_header_type":"","csco_page_load_nextpost":"","csco_post_video_location":[],"csco_post_video_location_hash":"","csco_post_video_url":"","csco_post_video_bg_start_time":0,"csco_post_video_bg_end_time":0,"footnotes":"","_links_to":"","_links_to_target":""},"categories":[7],"tags":[34590,60389,51],"class_list":{"0":"post-92981","1":"post","2":"type-post","3":"status-publish","4":"format-standard","5":"has-post-thumbnail","7":"category-messen-und-veranstaltungen","8":"tag-digitaldruck","9":"tag-drupa-messenews","10":"tag-verpackungsdruck-und-veredelung","11":"cs-entry","12":"cs-video-wrap"},"acf":[],"vimeo_video":null,"_links":{"self":[{"href":"https:\/\/packaging-journal.de\/en\/wp-json\/wp\/v2\/posts\/92981","targetHints":{"allow":["GET"]}}],"collection":[{"href":"https:\/\/packaging-journal.de\/en\/wp-json\/wp\/v2\/posts"}],"about":[{"href":"https:\/\/packaging-journal.de\/en\/wp-json\/wp\/v2\/types\/post"}],"author":[{"embeddable":true,"href":"https:\/\/packaging-journal.de\/en\/wp-json\/wp\/v2\/users\/1"}],"replies":[{"embeddable":true,"href":"https:\/\/packaging-journal.de\/en\/wp-json\/wp\/v2\/comments?post=92981"}],"version-history":[{"count":0,"href":"https:\/\/packaging-journal.de\/en\/wp-json\/wp\/v2\/posts\/92981\/revisions"}],"wp:featuredmedia":[{"embeddable":true,"href":"https:\/\/packaging-journal.de\/en\/wp-json\/wp\/v2\/media\/92984"}],"wp:attachment":[{"href":"https:\/\/packaging-journal.de\/en\/wp-json\/wp\/v2\/media?parent=92981"}],"wp:term":[{"taxonomy":"category","embeddable":true,"href":"https:\/\/packaging-journal.de\/en\/wp-json\/wp\/v2\/categories?post=92981"},{"taxonomy":"post_tag","embeddable":true,"href":"https:\/\/packaging-journal.de\/en\/wp-json\/wp\/v2\/tags?post=92981"}],"curies":[{"name":"wp","href":"https:\/\/api.w.org\/{rel}","templated":true}]}}