{"id":93884,"date":"2024-07-04T11:20:53","date_gmt":"2024-07-04T09:20:53","guid":{"rendered":"https:\/\/packaging-journal.de\/?p=93884"},"modified":"2024-07-04T11:20:53","modified_gmt":"2024-07-04T09:20:53","slug":"new-position-at-proalpha","status":"publish","type":"post","link":"https:\/\/packaging-journal.de\/en\/neue-position-bei-proalpha\/","title":{"rendered":"New position at proAlpha"},"content":{"rendered":"<p><strong>Micheal W\u00fcstemeier takes over the position of President ERP from 1 July. The position has been newly created and covers all solutions of the proAlpha ERP core applications. Mr W\u00fcstemeier has been with the Group for 16 years.<\/strong><\/p>\n<p>The <a href=\"https:\/\/packaging-journal.de\/?s=proalpha\">proAlpha<\/a> Group appointed Michael W\u00fcstemeier to the Management Board on 1 July this year. <strong>newly created position of President ERP<\/strong> appointed. His area comprises all solutions of the proAlpha ERP core applications. This step is intended to bundle the ERP Business Unit centrally, standardise its strategic orientation and optimally exploit synergies in cooperation with the ERP+ business unit (business solutions beyond the ERP core applications). Michael W\u00fcstemeier will report directly to Eric Verniaut, CEO of the proAlpha Group.<\/p>\n<blockquote><p>\u201eI am very much looking forward to my new role, especially to working with the ERP+ division under the leadership of Christoph Kull to continue developing value-adding innovations for our SME customers with an integrated go-to-market strategy. My main focus here is to continue to drive forward our vision of becoming one of the leading cloud-based business applications platforms for SMEs.\u201c<\/p>\n<p><strong>Michael W\u00fcstemeier<\/strong><\/p><\/blockquote>\n<p>Michael W\u00fcstemeier has worked for the proAlpha Group for 16 years. During this time, he has been extremely successful as Managing Director (MD) of the proAlpha national subsidiary in Austria. Most recently, in his role as Chief Operating Officer (COO) ERP and member of the Executive Board, he further expanded the Group's business results and focussed in particular on the <strong>Core topics of customer satisfaction and service quality<\/strong> dedicated. Michael W\u00fcstemeier has been a member of the extended board of the proAlpha User Circle (AWK), the association of around 500 corporate users in the DACH region, since 2018. He holds a degree in business informatics from the University of M\u00fcnster.<\/p><div class=\"packa-in-post-alle\" style=\"text-align: center;\" id=\"packa-3338733695\"><div id=\"packa-3372224976\"><a data-no-instant=\"1\" href=\"https:\/\/packaging-journal.de\/en\/newsletter\/\" rel=\"noopener\" class=\"a2t-link\" target=\"_blank\" aria-label=\"PJ Self-promotion English 03\"><!--noptimize--><img src=\"https:\/\/packaging-journal.de\/wp-content\/uploads\/2026\/01\/PJ-Eigenwerbung-English-03.png\" alt=\"\"  srcset=\"https:\/\/packaging-journal.de\/wp-content\/uploads\/2026\/01\/PJ-Eigenwerbung-English-03.png 840w, https:\/\/packaging-journal.de\/wp-content\/uploads\/2026\/01\/PJ-Eigenwerbung-English-03-300x75.png 300w, https:\/\/packaging-journal.de\/wp-content\/uploads\/2026\/01\/PJ-Eigenwerbung-English-03-768x192.png 768w, https:\/\/packaging-journal.de\/wp-content\/uploads\/2026\/01\/PJ-Eigenwerbung-English-03-18x5.png 18w, https:\/\/packaging-journal.de\/wp-content\/uploads\/2026\/01\/PJ-Eigenwerbung-English-03-332x83.png 332w, https:\/\/packaging-journal.de\/wp-content\/uploads\/2026\/01\/PJ-Eigenwerbung-English-03-664x166.png 664w, https:\/\/packaging-journal.de\/wp-content\/uploads\/2026\/01\/PJ-Eigenwerbung-English-03-688x172.png 688w\" sizes=\"(max-width: 840px) 100vw, 840px\" width=\"840\" height=\"210\"  style=\" max-width: 100%; height: auto;\" \/><!--\/noptimize--><\/a><\/div><\/div>\n<blockquote><p>\u201eI wish Michael W\u00fcstemeier every success in his new role. I am particularly pleased that we have once again been able to recruit a manager from our own ranks for this central position. Michael W\u00fcstemeier knows proAlpha and the ERP business like no other and is therefore ideally suited to this role, in which he will focus significantly on further growth in the core ERP business and the integrated alignment and collaboration of the two strategic business areas.\u201c<\/p>\n<p><strong>Eric Verniaut<\/strong><\/p><\/blockquote>\n<p><em>Source:\u00a0<\/em><a href=\"http:\/\/www.proalpha.com\" target=\"_blank\" rel=\"noopener\">proAlpha<\/a><\/p>","protected":false},"excerpt":{"rendered":"Micheal W\u00fcstemeier will take over the position of President ERP from 1 July. He has been with the Group for 16 years.","protected":false},"author":1,"featured_media":93885,"comment_status":"closed","ping_status":"closed","sticky":false,"template":"","format":"standard","meta":{"_acf_changed":false,"__cvm_playback_settings":[],"__cvm_video_id":"","rank_math_description":"Micheal W\u00fcstemeier \u00fcbernimmt ab 1. Juli die Position des President ERP. Er ist seit 16 Jahren in der Unternehmensgruppe t\u00e4tig.","rank_math_focus_keyword":"proalpha,position","rank_math_title":"","csco_display_header_overlay":false,"csco_singular_sidebar":"","csco_page_header_type":"","csco_page_load_nextpost":"","csco_post_video_location":[],"csco_post_video_location_hash":"","csco_post_video_url":"","csco_post_video_bg_start_time":0,"csco_post_video_bg_end_time":0,"footnotes":"","_links_to":"","_links_to_target":""},"categories":[112],"tags":[59142,59464,60374],"class_list":{"0":"post-93884","1":"post","2":"type-post","3":"status-publish","4":"format-standard","5":"has-post-thumbnail","7":"category-personen","8":"tag-news-express","9":"tag-personen","10":"tag-proalpha","11":"cs-entry","12":"cs-video-wrap"},"acf":[],"vimeo_video":null,"_links":{"self":[{"href":"https:\/\/packaging-journal.de\/en\/wp-json\/wp\/v2\/posts\/93884","targetHints":{"allow":["GET"]}}],"collection":[{"href":"https:\/\/packaging-journal.de\/en\/wp-json\/wp\/v2\/posts"}],"about":[{"href":"https:\/\/packaging-journal.de\/en\/wp-json\/wp\/v2\/types\/post"}],"author":[{"embeddable":true,"href":"https:\/\/packaging-journal.de\/en\/wp-json\/wp\/v2\/users\/1"}],"replies":[{"embeddable":true,"href":"https:\/\/packaging-journal.de\/en\/wp-json\/wp\/v2\/comments?post=93884"}],"version-history":[{"count":0,"href":"https:\/\/packaging-journal.de\/en\/wp-json\/wp\/v2\/posts\/93884\/revisions"}],"wp:featuredmedia":[{"embeddable":true,"href":"https:\/\/packaging-journal.de\/en\/wp-json\/wp\/v2\/media\/93885"}],"wp:attachment":[{"href":"https:\/\/packaging-journal.de\/en\/wp-json\/wp\/v2\/media?parent=93884"}],"wp:term":[{"taxonomy":"category","embeddable":true,"href":"https:\/\/packaging-journal.de\/en\/wp-json\/wp\/v2\/categories?post=93884"},{"taxonomy":"post_tag","embeddable":true,"href":"https:\/\/packaging-journal.de\/en\/wp-json\/wp\/v2\/tags?post=93884"}],"curies":[{"name":"wp","href":"https:\/\/api.w.org\/{rel}","templated":true}]}}