{"id":94091,"date":"2024-07-19T09:16:42","date_gmt":"2024-07-19T07:16:42","guid":{"rendered":"https:\/\/packaging-journal.de\/?p=94091"},"modified":"2024-07-18T15:25:38","modified_gmt":"2024-07-18T13:25:38","slug":"new-management-next-generation","status":"publish","type":"post","link":"https:\/\/packaging-journal.de\/en\/neue-geschaeftsfuehrung-naechste-generation\/","title":{"rendered":"Into the next generation with new management"},"content":{"rendered":"<p><strong>The traditional Bremen-based family business Gustav Schramm GmbH is handing over management to the third generation. S\u00f6ren Hadeler takes over the helm from his father Jens Hadeler and plans to expand the company with new branches and an expanded e-commerce business.<\/strong><\/p>\n<p>Gustav Schramm GmbH, a well-established family business from Bremen, Germany, has <strong>Change of leadership<\/strong> completed. Founded in 1912, the company is now one of the largest packaging retailers in Germany. After more than three decades, Jens Hadeler (67) hands over the management of the company to his son S\u00f6ren Hadeler (36), who will lead the company into the future.<\/p>\n<p>S\u00f6ren Hadeler, who had a close relationship with the company from an early age, is following in his father's footsteps with great enthusiasm. \u201eEven as a young boy, I was always here with great enthusiasm and am now all the more pleased to be able to continue the <strong>Carrying on my father's life's work<\/strong> to be able to do so,\u201c said the new Managing Director. The headquarters of Gustav Schramm GmbH will remain in Bremen, a city with which the company has over a hundred years of history. This connection is also symbolised by the restored Goliath GD 750, the company's first company car. \u201eWe have restored the Goliath and thus preserved a piece of the history of Bremen and Schramm,\u201c says S\u00f6ren Hadeler.<\/p><div class=\"packa-in-post-alle\" style=\"text-align: center;\" id=\"packa-936834368\"><div id=\"packa-617169894\"><a data-no-instant=\"1\" href=\"https:\/\/packaging-journal.de\/en\/newsletter\/\" rel=\"noopener\" class=\"a2t-link\" target=\"_blank\" aria-label=\"PJ Self-promotion English 03\"><!--noptimize--><img src=\"https:\/\/packaging-journal.de\/wp-content\/uploads\/2026\/01\/PJ-Eigenwerbung-English-03.png\" alt=\"\"  srcset=\"https:\/\/packaging-journal.de\/wp-content\/uploads\/2026\/01\/PJ-Eigenwerbung-English-03.png 840w, https:\/\/packaging-journal.de\/wp-content\/uploads\/2026\/01\/PJ-Eigenwerbung-English-03-300x75.png 300w, https:\/\/packaging-journal.de\/wp-content\/uploads\/2026\/01\/PJ-Eigenwerbung-English-03-768x192.png 768w, https:\/\/packaging-journal.de\/wp-content\/uploads\/2026\/01\/PJ-Eigenwerbung-English-03-18x5.png 18w, https:\/\/packaging-journal.de\/wp-content\/uploads\/2026\/01\/PJ-Eigenwerbung-English-03-332x83.png 332w, https:\/\/packaging-journal.de\/wp-content\/uploads\/2026\/01\/PJ-Eigenwerbung-English-03-664x166.png 664w, https:\/\/packaging-journal.de\/wp-content\/uploads\/2026\/01\/PJ-Eigenwerbung-English-03-688x172.png 688w\" sizes=\"(max-width: 840px) 100vw, 840px\" width=\"840\" height=\"210\"  style=\" max-width: 100%; height: auto;\" \/><!--\/noptimize--><\/a><\/div><\/div>\n<p>S\u00f6ren Hadeler and his team have big tasks ahead of them when he takes over the management of the company. He has a clear vision for the future of the company, which currently employs 111 people. They work at the headquarters in Bremen and at the branches in Waldheim (Saxony), W\u00fclfrath (North Rhine-Westphalia) and Gro\u00df-Gerau (Hesse). The <strong>Expansion of the company to continue in 2025<\/strong> including a new branch in south-west Germany. In addition, the <strong>E-commerce business further boosted by the takeover of Verpackung-Shop.de<\/strong>. The online shop has been expanded in terms of content and equipped with new functions and optimised performance to improve the digital shopping experience.<\/p>\n<blockquote><p>\u201eAs a family business, it is a matter of course for us that our employees are valued. They are at the centre of everything we do, because without each and every one of them, Schramm would never be what it is today.\u201c<\/p>\n<p><strong>S\u00f6ren Hadeler<\/strong><\/p><\/blockquote>\n<p><em>Source:\u00a0<\/em><a href=\"http:\/\/www.schramm-verpackung.de\" target=\"_blank\" rel=\"noopener\">Gustav Schramm GmbH<\/a><\/p><div id=\"packa-148891016\" class=\"packa-inhalt\"><!--noptimize--><script async src=\"https:\/\/pagead2.googlesyndication.com\/pagead\/js\/adsbygoogle.js?client=ca-pub-2686439340972671\" crossorigin=\"anonymous\"><\/script>\r\n<ins class=\"adsbygoogle\" style=\"display:block;text-align:center\" data-ad-layout=\"in-article\" data-ad-format=\"fluid\" data-ad-client=\"ca-pub-2686439340972671\" data-ad-slot=\"6171251825\"><\/ins>\r\n<script>\r\n     (adsbygoogle = window.adsbygoogle || []).push({});\r\n<\/script><!--\/noptimize--><\/div>","protected":false},"excerpt":{"rendered":"Gustav Schramm GmbH, a traditional packaging company from Bremen, is entering the next generation with new management. S\u00f6ren Hadeler takes over and plans further expansion and the strengthening of e-commerce.","protected":false},"author":1,"featured_media":94092,"comment_status":"closed","ping_status":"closed","sticky":false,"template":"","format":"standard","meta":{"_acf_changed":false,"__cvm_playback_settings":[],"__cvm_video_id":"","rank_math_description":"Gustav Schramm GmbH \u00fcbergibt die Gesch\u00e4ftsf\u00fchrung an die dritte Generation. S\u00f6ren Hadeler plant Expansion und verst\u00e4rkt das E-Commerce-Gesch\u00e4ft.","rank_math_focus_keyword":"gesch\u00e4ftsf\u00fchrung,Gustav Schramm GmbH","rank_math_title":"","csco_display_header_overlay":false,"csco_singular_sidebar":"","csco_page_header_type":"","csco_page_load_nextpost":"","csco_post_video_location":[],"csco_post_video_location_hash":"","csco_post_video_url":"","csco_post_video_bg_start_time":0,"csco_post_video_bg_end_time":0,"footnotes":"","_links_to":"","_links_to_target":""},"categories":[112],"tags":[43,21745,60432,59142],"class_list":{"0":"post-94091","1":"post","2":"type-post","3":"status-publish","4":"format-standard","5":"has-post-thumbnail","7":"category-personen","8":"tag-aus-den-unternehmen","9":"tag-e-commerce","10":"tag-gustav-schramm-gmbh","11":"tag-news-express","12":"cs-entry","13":"cs-video-wrap"},"acf":[],"vimeo_video":null,"_links":{"self":[{"href":"https:\/\/packaging-journal.de\/en\/wp-json\/wp\/v2\/posts\/94091","targetHints":{"allow":["GET"]}}],"collection":[{"href":"https:\/\/packaging-journal.de\/en\/wp-json\/wp\/v2\/posts"}],"about":[{"href":"https:\/\/packaging-journal.de\/en\/wp-json\/wp\/v2\/types\/post"}],"author":[{"embeddable":true,"href":"https:\/\/packaging-journal.de\/en\/wp-json\/wp\/v2\/users\/1"}],"replies":[{"embeddable":true,"href":"https:\/\/packaging-journal.de\/en\/wp-json\/wp\/v2\/comments?post=94091"}],"version-history":[{"count":0,"href":"https:\/\/packaging-journal.de\/en\/wp-json\/wp\/v2\/posts\/94091\/revisions"}],"wp:featuredmedia":[{"embeddable":true,"href":"https:\/\/packaging-journal.de\/en\/wp-json\/wp\/v2\/media\/94092"}],"wp:attachment":[{"href":"https:\/\/packaging-journal.de\/en\/wp-json\/wp\/v2\/media?parent=94091"}],"wp:term":[{"taxonomy":"category","embeddable":true,"href":"https:\/\/packaging-journal.de\/en\/wp-json\/wp\/v2\/categories?post=94091"},{"taxonomy":"post_tag","embeddable":true,"href":"https:\/\/packaging-journal.de\/en\/wp-json\/wp\/v2\/tags?post=94091"}],"curies":[{"name":"wp","href":"https:\/\/api.w.org\/{rel}","templated":true}]}}