{"id":95626,"date":"2024-09-17T10:26:48","date_gmt":"2024-09-17T08:26:48","guid":{"rendered":"https:\/\/packaging-journal.de\/?p=95626"},"modified":"2024-09-17T10:26:48","modified_gmt":"2024-09-17T08:26:48","slug":"mathias-maennel-managing-director-ccl-faubel","status":"publish","type":"post","link":"https:\/\/packaging-journal.de\/en\/mathias-maennel-geschaeftsfuehrung-ccl-faubel\/","title":{"rendered":"Change in the management of CCL Faubel"},"content":{"rendered":"<p><strong>Mathias M\u00e4nnel has been a new member of the management team at CCL Faubel GmbH since September. He takes over responsibility for Human Resources, Finance and Technology, which were previously overseen by Martin Kuge. Martin Kuge is leaving the management team, meaning that the company will now be managed by Frank J\u00e4ger and Mathias M\u00e4nnel.<\/strong><\/p>\n<p>Mathias M\u00e4nnel completed a part-time engineering degree in mechanical engineering in Rosenheim. After working at Hexal Pharma in Holzkirchen, he returned to his home town of Meerane and worked as Technical Manager at Zweckform. The American-Canadian group CCL Industries Inc. took over Zweckform in 2005 and gave Mathias M\u00e4nnel the position of Technical Director. <strong>the position of Engineering Director for CCL Label worldwide<\/strong>.<\/p>\n<p>In 2008, Mathias M\u00e4nnel took over as Managing Director of the Dutch site in Oss, which is part of the CCL Healthcare division. He later also managed the CCL plants in Ashford, UK, and Lyon, France. In 2016, he was also appointed Managing Director of CCL Label Marburg and CCL Label Dresden and was appointed Managing Director of CCL Healthcare.<strong> Vice President CCL Healthcare Europe<\/strong> appointed.<\/p><div class=\"packa-in-post-alle\" style=\"text-align: center;\" id=\"packa-2226330985\"><div id=\"packa-1960985503\"><a data-no-instant=\"1\" href=\"https:\/\/packaging-journal.de\/en\/newsletter\/\" rel=\"noopener\" class=\"a2t-link\" target=\"_blank\" aria-label=\"PJ Self-promotion English 03\"><!--noptimize--><img src=\"https:\/\/packaging-journal.de\/wp-content\/uploads\/2026\/01\/PJ-Eigenwerbung-English-03.png\" alt=\"\"  srcset=\"https:\/\/packaging-journal.de\/wp-content\/uploads\/2026\/01\/PJ-Eigenwerbung-English-03.png 840w, https:\/\/packaging-journal.de\/wp-content\/uploads\/2026\/01\/PJ-Eigenwerbung-English-03-300x75.png 300w, https:\/\/packaging-journal.de\/wp-content\/uploads\/2026\/01\/PJ-Eigenwerbung-English-03-768x192.png 768w, https:\/\/packaging-journal.de\/wp-content\/uploads\/2026\/01\/PJ-Eigenwerbung-English-03-18x5.png 18w, https:\/\/packaging-journal.de\/wp-content\/uploads\/2026\/01\/PJ-Eigenwerbung-English-03-332x83.png 332w, https:\/\/packaging-journal.de\/wp-content\/uploads\/2026\/01\/PJ-Eigenwerbung-English-03-664x166.png 664w, https:\/\/packaging-journal.de\/wp-content\/uploads\/2026\/01\/PJ-Eigenwerbung-English-03-688x172.png 688w\" sizes=\"(max-width: 840px) 100vw, 840px\" width=\"840\" height=\"210\"  style=\" max-width: 100%; height: auto;\" \/><!--\/noptimize--><\/a><\/div><\/div>\n<p>Mathias M\u00e4nnel has been responsible for the Solingen site since 2020 and has also managed the plant in Stuttgart since last year. He therefore brings to his new role at CCL Faubel<strong> Extensive management experience<\/strong> with.<\/p>\n<p><em>Source<\/em>CCL Faubel<\/p><div id=\"packa-530635486\" class=\"packa-inhalt\"><!--noptimize--><script async src=\"https:\/\/pagead2.googlesyndication.com\/pagead\/js\/adsbygoogle.js?client=ca-pub-2686439340972671\" crossorigin=\"anonymous\"><\/script>\r\n<ins class=\"adsbygoogle\" style=\"display:block;text-align:center\" data-ad-layout=\"in-article\" data-ad-format=\"fluid\" data-ad-client=\"ca-pub-2686439340972671\" data-ad-slot=\"6171251825\"><\/ins>\r\n<script>\r\n     (adsbygoogle = window.adsbygoogle || []).push({});\r\n<\/script><!--\/noptimize--><\/div>","protected":false},"excerpt":{"rendered":"Mathias M\u00e4nnel joined the management of CCL Faubel GmbH in September.","protected":false},"author":20,"featured_media":95627,"comment_status":"closed","ping_status":"closed","sticky":false,"template":"","format":"standard","meta":{"_acf_changed":false,"__cvm_playback_settings":[],"__cvm_video_id":"","rank_math_description":"Seit September ist Mathias M\u00e4nnel neues Mitglied der Gesch\u00e4ftsf\u00fchrung der CCL Faubel GmbH.","rank_math_focus_keyword":"CCL Faubel","rank_math_title":"","csco_display_header_overlay":false,"csco_singular_sidebar":"","csco_page_header_type":"","csco_page_load_nextpost":"","csco_post_video_location":[],"csco_post_video_location_hash":"","csco_post_video_url":"","csco_post_video_bg_start_time":0,"csco_post_video_bg_end_time":0,"footnotes":"","_links_to":"","_links_to_target":""},"categories":[112],"tags":[60310,42,59142,59464,39],"class_list":{"0":"post-95626","1":"post","2":"type-post","3":"status-publish","4":"format-standard","5":"has-post-thumbnail","7":"category-personen","8":"tag-ccl-faubel","9":"tag-etikettieren-kennzeichnen-codieren","10":"tag-news-express","11":"tag-personen","12":"tag-verpackungstechnik","13":"cs-entry","14":"cs-video-wrap"},"acf":[],"vimeo_video":null,"_links":{"self":[{"href":"https:\/\/packaging-journal.de\/en\/wp-json\/wp\/v2\/posts\/95626","targetHints":{"allow":["GET"]}}],"collection":[{"href":"https:\/\/packaging-journal.de\/en\/wp-json\/wp\/v2\/posts"}],"about":[{"href":"https:\/\/packaging-journal.de\/en\/wp-json\/wp\/v2\/types\/post"}],"author":[{"embeddable":true,"href":"https:\/\/packaging-journal.de\/en\/wp-json\/wp\/v2\/users\/20"}],"replies":[{"embeddable":true,"href":"https:\/\/packaging-journal.de\/en\/wp-json\/wp\/v2\/comments?post=95626"}],"version-history":[{"count":0,"href":"https:\/\/packaging-journal.de\/en\/wp-json\/wp\/v2\/posts\/95626\/revisions"}],"wp:featuredmedia":[{"embeddable":true,"href":"https:\/\/packaging-journal.de\/en\/wp-json\/wp\/v2\/media\/95627"}],"wp:attachment":[{"href":"https:\/\/packaging-journal.de\/en\/wp-json\/wp\/v2\/media?parent=95626"}],"wp:term":[{"taxonomy":"category","embeddable":true,"href":"https:\/\/packaging-journal.de\/en\/wp-json\/wp\/v2\/categories?post=95626"},{"taxonomy":"post_tag","embeddable":true,"href":"https:\/\/packaging-journal.de\/en\/wp-json\/wp\/v2\/tags?post=95626"}],"curies":[{"name":"wp","href":"https:\/\/api.w.org\/{rel}","templated":true}]}}