{"id":95696,"date":"2024-09-05T13:42:30","date_gmt":"2024-09-05T11:42:30","guid":{"rendered":"https:\/\/packaging-journal.de\/?p=95696"},"modified":"2024-09-18T13:53:41","modified_gmt":"2024-09-18T11:53:41","slug":"plastic-containers-for-recycling","status":"publish","type":"post","link":"https:\/\/packaging-journal.de\/en\/kunststoffbehaelter-zum-wiederverwerten\/","title":{"rendered":"Plastic containers for recycling"},"content":{"rendered":"<p><strong>At Fachpack 2024, SSI Schaefer Plastics will be presenting its innovative storage, transport and hazardous goods containers under the motto \u201eYour first class in Plastics\u201c. The products are designed for manual and automatic handling and are characterised by sustainability and recyclability.<\/strong><\/p>\n<p><a href=\"https:\/\/packaging-journal.de\/?s=ssi+sch%C3%A4fer&amp;cat=-1&amp;date-all=all&amp;begin=&amp;end=\">SSI Schaefer Plastics<\/a> presented at the <a href=\"https:\/\/packaging-journal.de\/?s=fachpack&amp;cat=-1&amp;date-all=all&amp;begin=&amp;end=\">Specialist pack<\/a> 2024 in Nuremberg will present its broad portfolio of storage and transport containers as well as constructive packaging. The focus is on sustainable, reusable plastic solutions that are suitable for both storage and transport. <strong>Manual and automatic handling<\/strong> in various industries. One highlight is the new SECON container brand, whose hazardous goods containers have been specially developed for the safe transport of batteries and other dangerous goods.<\/p>\n<p>With many years of experience in industries such as automotive, electronics and pharmaceuticals, SSI Schaefer Plastics also realises<strong> Customised packaging solutions<\/strong>. Special attention is paid to sustainability: many of the containers are recyclable, made from regranulate and bear the Blue Angel seal. In addition, SSI Schaefer Plastics reduces the space required for empty transport with foldable and stackable containers.<\/p><div class=\"packa-in-post-alle\" style=\"text-align: center;\" id=\"packa-2941581679\"><div id=\"packa-466391403\"><a data-no-instant=\"1\" href=\"https:\/\/packaging-journal.de\/en\/newsletter\/\" rel=\"noopener\" class=\"a2t-link\" target=\"_blank\" aria-label=\"PJ Self-promotion English 03\"><!--noptimize--><img src=\"https:\/\/packaging-journal.de\/wp-content\/uploads\/2026\/01\/PJ-Eigenwerbung-English-03.png\" alt=\"\"  srcset=\"https:\/\/packaging-journal.de\/wp-content\/uploads\/2026\/01\/PJ-Eigenwerbung-English-03.png 840w, https:\/\/packaging-journal.de\/wp-content\/uploads\/2026\/01\/PJ-Eigenwerbung-English-03-300x75.png 300w, https:\/\/packaging-journal.de\/wp-content\/uploads\/2026\/01\/PJ-Eigenwerbung-English-03-768x192.png 768w, https:\/\/packaging-journal.de\/wp-content\/uploads\/2026\/01\/PJ-Eigenwerbung-English-03-18x5.png 18w, https:\/\/packaging-journal.de\/wp-content\/uploads\/2026\/01\/PJ-Eigenwerbung-English-03-332x83.png 332w, https:\/\/packaging-journal.de\/wp-content\/uploads\/2026\/01\/PJ-Eigenwerbung-English-03-664x166.png 664w, https:\/\/packaging-journal.de\/wp-content\/uploads\/2026\/01\/PJ-Eigenwerbung-English-03-688x172.png 688w\" sizes=\"(max-width: 840px) 100vw, 840px\" width=\"840\" height=\"210\"  style=\" max-width: 100%; height: auto;\" \/><!--\/noptimize--><\/a><\/div><\/div>\n<p><em>Source:\u00a0<\/em><a href=\"https:\/\/www.ssi-schaefer.com\/de-de\" target=\"_blank\" rel=\"noopener\">SSI Sch\u00e4fer<\/a><\/p>\n<p><strong>SSI Schaefer at Fachpack: Hall 6, Stand 128<\/strong><\/p><div id=\"packa-2390506252\" class=\"packa-inhalt\"><!--noptimize--><script async src=\"https:\/\/pagead2.googlesyndication.com\/pagead\/js\/adsbygoogle.js?client=ca-pub-2686439340972671\" crossorigin=\"anonymous\"><\/script>\r\n<ins class=\"adsbygoogle\" style=\"display:block;text-align:center\" data-ad-layout=\"in-article\" data-ad-format=\"fluid\" data-ad-client=\"ca-pub-2686439340972671\" data-ad-slot=\"6171251825\"><\/ins>\r\n<script>\r\n     (adsbygoogle = window.adsbygoogle || []).push({});\r\n<\/script><!--\/noptimize--><\/div>","protected":false},"excerpt":{"rendered":"At Fachpack, SSI Schaefer Plastics will be presenting its innovative storage, transport and hazardous goods containers under the motto \u201eYour first class in Plastics\u201c.","protected":false},"author":1,"featured_media":95697,"comment_status":"closed","ping_status":"closed","sticky":false,"template":"","format":"standard","meta":{"_acf_changed":false,"__cvm_playback_settings":[],"__cvm_video_id":"","rank_math_description":"Auf der Fachpack stellt SSI Sch\u00e4fer Plastics unter dem Motto \u201eYour first class in Plastics\u201c ihre innovativen Lager-, Transport- und Gefahrgutbeh\u00e4lter vor. ","rank_math_focus_keyword":"kunststoffbeh\u00e4lter,ssi sch\u00e4fer,fachpack","rank_math_title":"","csco_display_header_overlay":false,"csco_singular_sidebar":"","csco_page_header_type":"","csco_page_load_nextpost":"","csco_post_video_location":[],"csco_post_video_location_hash":"","csco_post_video_url":"","csco_post_video_bg_start_time":0,"csco_post_video_bg_end_time":0,"footnotes":"","_links_to":"","_links_to_target":""},"categories":[113],"tags":[67,54,59142,60490,44],"class_list":{"0":"post-95696","1":"post","2":"type-post","3":"status-publish","4":"format-standard","5":"has-post-thumbnail","7":"category-produkte","8":"tag-fachpack","9":"tag-kunststoff-und-verbunde","10":"tag-news-express","11":"tag-ssi-schaefer","12":"tag-transportverpackung","13":"cs-entry","14":"cs-video-wrap"},"acf":[],"vimeo_video":null,"_links":{"self":[{"href":"https:\/\/packaging-journal.de\/en\/wp-json\/wp\/v2\/posts\/95696","targetHints":{"allow":["GET"]}}],"collection":[{"href":"https:\/\/packaging-journal.de\/en\/wp-json\/wp\/v2\/posts"}],"about":[{"href":"https:\/\/packaging-journal.de\/en\/wp-json\/wp\/v2\/types\/post"}],"author":[{"embeddable":true,"href":"https:\/\/packaging-journal.de\/en\/wp-json\/wp\/v2\/users\/1"}],"replies":[{"embeddable":true,"href":"https:\/\/packaging-journal.de\/en\/wp-json\/wp\/v2\/comments?post=95696"}],"version-history":[{"count":0,"href":"https:\/\/packaging-journal.de\/en\/wp-json\/wp\/v2\/posts\/95696\/revisions"}],"wp:featuredmedia":[{"embeddable":true,"href":"https:\/\/packaging-journal.de\/en\/wp-json\/wp\/v2\/media\/95697"}],"wp:attachment":[{"href":"https:\/\/packaging-journal.de\/en\/wp-json\/wp\/v2\/media?parent=95696"}],"wp:term":[{"taxonomy":"category","embeddable":true,"href":"https:\/\/packaging-journal.de\/en\/wp-json\/wp\/v2\/categories?post=95696"},{"taxonomy":"post_tag","embeddable":true,"href":"https:\/\/packaging-journal.de\/en\/wp-json\/wp\/v2\/tags?post=95696"}],"curies":[{"name":"wp","href":"https:\/\/api.w.org\/{rel}","templated":true}]}}