{"id":95710,"date":"2024-09-18T17:23:28","date_gmt":"2024-09-18T15:23:28","guid":{"rendered":"https:\/\/packaging-journal.de\/?p=95710"},"modified":"2024-09-18T15:19:07","modified_gmt":"2024-09-18T13:19:07","slug":"recyclable-bag-for-bread","status":"publish","type":"post","link":"https:\/\/packaging-journal.de\/en\/recycelbare-tuete-fuer-brot\/","title":{"rendered":"Recyclable bag for bread"},"content":{"rendered":"<p><strong>Mondi has teamed up with UK packaging supplier Welton Bibby &amp; Baron (WBB) to develop recyclable paper bags for fresh bread products. This new packaging offers an environmentally friendly alternative to non-recyclable bread packaging.<\/strong><\/p>\n<p>Together with Welton Bibby &amp; Baron <a href=\"https:\/\/packaging-journal.de\/?s=mondi&amp;cat=-1&amp;date-all=all&amp;begin=&amp;end=\">Mondi<\/a> developed recyclable paper packaging for the UK retail sector. The bags are made from Mondi's FunctionalBarrier Paper Reduce, the thinnest paper in the company's barrier paper range. The kraft paper is made from responsibly sourced fibres and coated in-house to provide the necessary <strong>Protection against moisture, grease and water vapour<\/strong> while preserving the freshness and moisture of the bread.<\/p>\n<blockquote><p>\u201eOur MAP2030 sustainability goals underpin our commitment to recyclable packaging that meets the needs of customers and consumers for environmentally friendly solutions.\u201c<\/p>\n<p><strong>Mick Robinson<\/strong>, Head of Business Solutions at Mondi<\/p><\/blockquote>\n<p>The packaging is characterised by two variants: A brown <strong>Bag with a glassine window that is recycled together with the bag<\/strong> and a white bag whose removable film window is disposed of separately. Both packs carry the On-Pack Recycling Label (OPRL) and can be recycled via street collection throughout the UK.<\/p><div class=\"packa-in-post-alle\" style=\"text-align: center;\" id=\"packa-403338963\"><div id=\"packa-3998840387\"><a data-no-instant=\"1\" href=\"https:\/\/packaging-journal.de\/en\/newsletter\/\" rel=\"noopener\" class=\"a2t-link\" target=\"_blank\" aria-label=\"PJ Self-promotion English 03\"><!--noptimize--><img src=\"https:\/\/packaging-journal.de\/wp-content\/uploads\/2026\/01\/PJ-Eigenwerbung-English-03.png\" alt=\"\"  srcset=\"https:\/\/packaging-journal.de\/wp-content\/uploads\/2026\/01\/PJ-Eigenwerbung-English-03.png 840w, https:\/\/packaging-journal.de\/wp-content\/uploads\/2026\/01\/PJ-Eigenwerbung-English-03-300x75.png 300w, https:\/\/packaging-journal.de\/wp-content\/uploads\/2026\/01\/PJ-Eigenwerbung-English-03-768x192.png 768w, https:\/\/packaging-journal.de\/wp-content\/uploads\/2026\/01\/PJ-Eigenwerbung-English-03-18x5.png 18w, https:\/\/packaging-journal.de\/wp-content\/uploads\/2026\/01\/PJ-Eigenwerbung-English-03-332x83.png 332w, https:\/\/packaging-journal.de\/wp-content\/uploads\/2026\/01\/PJ-Eigenwerbung-English-03-664x166.png 664w, https:\/\/packaging-journal.de\/wp-content\/uploads\/2026\/01\/PJ-Eigenwerbung-English-03-688x172.png 688w\" sizes=\"(max-width: 840px) 100vw, 840px\" width=\"840\" height=\"210\"  style=\" max-width: 100%; height: auto;\" \/><!--\/noptimize--><\/a><\/div><\/div>\n<blockquote><p>\u201eThe expertise of the Mondi team has enabled us to develop an excellent solution in a short space of time and we look forward to continuing to work together to meet future regulatory requirements.\u201c<\/p>\n<p><strong>Andrew Lockyear<\/strong>, Technical Manager at Welton Bibby &amp; Baron<\/p><\/blockquote>\n<p><em>Source:\u00a0<\/em><a href=\"http:\/\/www.mondigroup.com\/\" target=\"_blank\" rel=\"noopener\">Mondi<\/a><\/p>","protected":false},"excerpt":{"rendered":"Mondi and Welton Bibby &amp; Baron have developed a recyclable paper bag for fresh bread products as an alternative to non-recyclable bread packaging.","protected":false},"author":1,"featured_media":95711,"comment_status":"closed","ping_status":"closed","sticky":false,"template":"","format":"standard","meta":{"_acf_changed":false,"__cvm_playback_settings":[],"__cvm_video_id":"","rank_math_description":"Mondi und Welton Bibby &amp; Baron haben eine recycelbare Papiert\u00fcten f\u00fcr frische Brotprodukte als Alternative zu nicht recycelbaren Brotverpackungen entwickelt.","rank_math_focus_keyword":"t\u00fcte,brot,mondi,recycel","rank_math_title":"","csco_display_header_overlay":false,"csco_singular_sidebar":"","csco_page_header_type":"","csco_page_load_nextpost":"","csco_post_video_location":[],"csco_post_video_location_hash":"","csco_post_video_url":"","csco_post_video_bg_start_time":0,"csco_post_video_bg_end_time":0,"footnotes":"","_links_to":"","_links_to_target":""},"categories":[22],"tags":[65,38,57583,32,1487],"class_list":{"0":"post-95710","1":"post","2":"type-post","3":"status-publish","4":"format-standard","5":"has-post-thumbnail","7":"category-packmittel-und-packstoffe","8":"tag-abfalltechnik-und-recycling","9":"tag-lebensmittel","10":"tag-mondi","11":"tag-packmittel-und-packstoffe","12":"tag-papier-pappe-karton","13":"cs-entry","14":"cs-video-wrap"},"acf":[],"vimeo_video":null,"_links":{"self":[{"href":"https:\/\/packaging-journal.de\/en\/wp-json\/wp\/v2\/posts\/95710","targetHints":{"allow":["GET"]}}],"collection":[{"href":"https:\/\/packaging-journal.de\/en\/wp-json\/wp\/v2\/posts"}],"about":[{"href":"https:\/\/packaging-journal.de\/en\/wp-json\/wp\/v2\/types\/post"}],"author":[{"embeddable":true,"href":"https:\/\/packaging-journal.de\/en\/wp-json\/wp\/v2\/users\/1"}],"replies":[{"embeddable":true,"href":"https:\/\/packaging-journal.de\/en\/wp-json\/wp\/v2\/comments?post=95710"}],"version-history":[{"count":0,"href":"https:\/\/packaging-journal.de\/en\/wp-json\/wp\/v2\/posts\/95710\/revisions"}],"wp:featuredmedia":[{"embeddable":true,"href":"https:\/\/packaging-journal.de\/en\/wp-json\/wp\/v2\/media\/95711"}],"wp:attachment":[{"href":"https:\/\/packaging-journal.de\/en\/wp-json\/wp\/v2\/media?parent=95710"}],"wp:term":[{"taxonomy":"category","embeddable":true,"href":"https:\/\/packaging-journal.de\/en\/wp-json\/wp\/v2\/categories?post=95710"},{"taxonomy":"post_tag","embeddable":true,"href":"https:\/\/packaging-journal.de\/en\/wp-json\/wp\/v2\/tags?post=95710"}],"curies":[{"name":"wp","href":"https:\/\/api.w.org\/{rel}","templated":true}]}}