{"id":95729,"date":"2024-09-19T17:11:08","date_gmt":"2024-09-19T15:11:08","guid":{"rendered":"https:\/\/packaging-journal.de\/?p=95729"},"modified":"2024-09-19T12:19:58","modified_gmt":"2024-09-19T10:19:58","slug":"sustainable-adhesive-solutions-specialist-pack","status":"publish","type":"post","link":"https:\/\/packaging-journal.de\/en\/nachhaltige-klebstoffloesungen-fachpack\/","title":{"rendered":"Sustainable adhesive solutions at Fachpack"},"content":{"rendered":"<p><strong>H.B. Fuller will be presenting its sustainable adhesive solutions at Fachpack 2024 in Nuremberg. The focus is on promoting the circular economy through innovative technologies that reduce waste and support recycling.<\/strong><\/p>\n<p><a href=\"https:\/\/packaging-journal.de\/?s=H.B.+Fuller&amp;cat=-1&amp;date-all=all&amp;begin=&amp;end=\">H.B. Fuller<\/a>\u00a0participates in the <a href=\"https:\/\/packaging-journal.de\/?s=Fachpack&amp;cat=-1&amp;date-all=all&amp;begin=&amp;end=\">Specialist pack<\/a> 2024, which takes place from 24 to 26 September in Nuremberg. The company will use the trade fair to present its<strong> sustainable adhesive technologies<\/strong> that support the circular economy. The solutions include the Earthic product line, which aims to reduce waste and improve the recyclability of packaging.<\/p>\n<blockquote><p>\u201eSustainability is an integral part of our product development and efficiency enhancement. Fachpack offers us the opportunity to talk to customers and partners about the needs of the packaging industry and to find innovative solutions together.\u201c<\/p>\n<p><strong>Jens Obertse-Wilms<\/strong>, Sales Manager of H.B. Fuller<\/p><\/blockquote>\n<p>Visitors to Fachpack can visit the H.B. Fuller stand to find out more about the adhesives portfolio that the <strong>\u201e4 Rs\u201c - reduce, recycle, redesign and renew<\/strong> - takes centre stage.<\/p><div class=\"packa-in-post-alle\" style=\"text-align: center;\" id=\"packa-4097879732\"><div id=\"packa-3843379697\"><a data-no-instant=\"1\" href=\"https:\/\/packaging-journal.de\/en\/newsletter\/\" rel=\"noopener\" class=\"a2t-link\" target=\"_blank\" aria-label=\"PJ Self-promotion English 03\"><!--noptimize--><img src=\"https:\/\/packaging-journal.de\/wp-content\/uploads\/2026\/01\/PJ-Eigenwerbung-English-03.png\" alt=\"\"  srcset=\"https:\/\/packaging-journal.de\/wp-content\/uploads\/2026\/01\/PJ-Eigenwerbung-English-03.png 840w, https:\/\/packaging-journal.de\/wp-content\/uploads\/2026\/01\/PJ-Eigenwerbung-English-03-300x75.png 300w, https:\/\/packaging-journal.de\/wp-content\/uploads\/2026\/01\/PJ-Eigenwerbung-English-03-768x192.png 768w, https:\/\/packaging-journal.de\/wp-content\/uploads\/2026\/01\/PJ-Eigenwerbung-English-03-18x5.png 18w, https:\/\/packaging-journal.de\/wp-content\/uploads\/2026\/01\/PJ-Eigenwerbung-English-03-332x83.png 332w, https:\/\/packaging-journal.de\/wp-content\/uploads\/2026\/01\/PJ-Eigenwerbung-English-03-664x166.png 664w, https:\/\/packaging-journal.de\/wp-content\/uploads\/2026\/01\/PJ-Eigenwerbung-English-03-688x172.png 688w\" sizes=\"(max-width: 840px) 100vw, 840px\" width=\"840\" height=\"210\"  style=\" max-width: 100%; height: auto;\" \/><!--\/noptimize--><\/a><\/div><\/div>\n<p><em>Source:\u00a0<\/em><a href=\"http:\/\/www.hbfuller.com\" target=\"_blank\" rel=\"noopener\">H.B. Fuller<\/a><\/p>\n<p><strong>H.B. Fuller at Fachpack: Hall 4, Stand 244<\/strong><\/p><div id=\"packa-3926249770\" class=\"packa-inhalt\"><!--noptimize--><script async src=\"https:\/\/pagead2.googlesyndication.com\/pagead\/js\/adsbygoogle.js?client=ca-pub-2686439340972671\" crossorigin=\"anonymous\"><\/script>\r\n<ins class=\"adsbygoogle\" style=\"display:block;text-align:center\" data-ad-layout=\"in-article\" data-ad-format=\"fluid\" data-ad-client=\"ca-pub-2686439340972671\" data-ad-slot=\"6171251825\"><\/ins>\r\n<script>\r\n     (adsbygoogle = window.adsbygoogle || []).push({});\r\n<\/script><!--\/noptimize--><\/div>","protected":false},"excerpt":{"rendered":"At Fachpack, H.B. Fuller will be presenting sustainable adhesive solutions that promote the circular economy through innovative technologies.","protected":false},"author":1,"featured_media":95730,"comment_status":"closed","ping_status":"closed","sticky":false,"template":"","format":"standard","meta":{"_acf_changed":false,"__cvm_playback_settings":[],"__cvm_video_id":"","rank_math_description":"H.B. Fuller stellt auf der Fachpack nachhaltige Klebstoffl\u00f6sungen vor, die durch innovative Technologien die Kreislaufwirtschaft f\u00f6rdern.","rank_math_focus_keyword":"klebstoffl\u00f6sung,h.b.fuller,fachpack","rank_math_title":"","csco_display_header_overlay":false,"csco_singular_sidebar":"","csco_page_header_type":"","csco_page_load_nextpost":"","csco_post_video_location":[],"csco_post_video_location_hash":"","csco_post_video_url":"","csco_post_video_bg_start_time":0,"csco_post_video_bg_end_time":0,"footnotes":"","_links_to":"","_links_to_target":""},"categories":[113],"tags":[59554,69,31,59142],"class_list":{"0":"post-95729","1":"post","2":"type-post","3":"status-publish","4":"format-standard","5":"has-post-thumbnail","7":"category-produkte","8":"tag-h-b-fuller","9":"tag-klebstoff","10":"tag-nachhaltigkeit-und-green-packaging","11":"tag-news-express","12":"cs-entry","13":"cs-video-wrap"},"acf":[],"vimeo_video":null,"_links":{"self":[{"href":"https:\/\/packaging-journal.de\/en\/wp-json\/wp\/v2\/posts\/95729","targetHints":{"allow":["GET"]}}],"collection":[{"href":"https:\/\/packaging-journal.de\/en\/wp-json\/wp\/v2\/posts"}],"about":[{"href":"https:\/\/packaging-journal.de\/en\/wp-json\/wp\/v2\/types\/post"}],"author":[{"embeddable":true,"href":"https:\/\/packaging-journal.de\/en\/wp-json\/wp\/v2\/users\/1"}],"replies":[{"embeddable":true,"href":"https:\/\/packaging-journal.de\/en\/wp-json\/wp\/v2\/comments?post=95729"}],"version-history":[{"count":0,"href":"https:\/\/packaging-journal.de\/en\/wp-json\/wp\/v2\/posts\/95729\/revisions"}],"wp:featuredmedia":[{"embeddable":true,"href":"https:\/\/packaging-journal.de\/en\/wp-json\/wp\/v2\/media\/95730"}],"wp:attachment":[{"href":"https:\/\/packaging-journal.de\/en\/wp-json\/wp\/v2\/media?parent=95729"}],"wp:term":[{"taxonomy":"category","embeddable":true,"href":"https:\/\/packaging-journal.de\/en\/wp-json\/wp\/v2\/categories?post=95729"},{"taxonomy":"post_tag","embeddable":true,"href":"https:\/\/packaging-journal.de\/en\/wp-json\/wp\/v2\/tags?post=95729"}],"curies":[{"name":"wp","href":"https:\/\/api.w.org\/{rel}","templated":true}]}}